{"id":59885,"date":"2016-02-02T12:15:14","date_gmt":"2016-02-02T10:15:14","guid":{"rendered":"http:\/\/www.sana.sy\/tr\/?p=59885"},"modified":"2016-02-02T13:17:31","modified_gmt":"2016-02-02T11:17:31","slug":"terorle-mucadelede-rusya-ile-isbirligine-cagirdi","status":"publish","type":"post","link":"https:\/\/archive.sana.sy\/tr\/?p=59885","title":{"rendered":"Ter\u00f6rle M\u00fccadelede Rusya ile \u0130\u015fbirli\u011fine \u00c7a\u011f\u0131rd\u0131"},"content":{"rendered":"<p>AT\u0130NA \u2013 Yunan Savunma Bakan\u0131 Panos Caminos ABD ve Avrupa Birli\u011fini ter\u00f6rle m\u00fccadele ve d\u00fcnyay\u0131 saran m\u00fclteci sorununa kapsaml\u0131 \u00e7\u00f6z\u00fcm\u00fcn bulunmas\u0131 i\u00e7in Rusya ile i\u015fbirli\u011fine \u00e7a\u011f\u0131rd\u0131.<\/p>\n<p>Ter\u00f6r ve m\u00fclteci meselesi konusunda bug\u00fcn Atina\u2019da bas\u0131n konferans\u0131 d\u00fczenleyen Caminos; ortak d\u00fc\u015fmana kar\u015f\u0131 m\u00fccadelede Rusya ile i\u015fbirli\u011fi ve bilgi al\u0131\u015fveri\u015fine ihtiya\u00e7 duyuldu\u011funu ifade etti.<\/p>\n<p>NATO \u00fclkeleri savunma bakanlar\u0131n\u0131n s\u00f6z konusu ter\u00f6rle m\u00fccadele oldu\u011funda Rusya&#8217;dan s\u00f6z etmekten uzak durduklar\u0131na dikkat \u00e7eken Caminos; bunun bir hata oldu\u011funu, Boston maratonunu havaya u\u00e7uran \u00c7e\u00e7enli ter\u00f6ristlerin unutulmamas\u0131 gerekti\u011finin alt\u0131n\u0131 \u00e7izdi.<\/p>\n<p>R.H.<\/p>\n","protected":false},"excerpt":{"rendered":"<p>AT\u0130NA \u2013 Yunan Savunma Bakan\u0131 Panos Caminos ABD ve Avrupa Birli\u011fini ter\u00f6rle m\u00fccadele ve d\u00fcnyay\u0131 saran m\u00fclteci sorununa kapsaml\u0131 \u00e7\u00f6z\u00fcm\u00fcn bulunmas\u0131 i\u00e7in Rusya ile i\u015fbirli\u011fine \u00e7a\u011f\u0131rd\u0131. Ter\u00f6r ve m\u00fclteci meselesi konusunda bug\u00fcn Atina\u2019da bas\u0131n konferans\u0131 d\u00fczenleyen Caminos; ortak d\u00fc\u015fmana kar\u015f\u0131 m\u00fccadelede Rusya ile i\u015fbirli\u011fi ve bilgi al\u0131\u015fveri\u015fine ihtiya\u00e7 duyuldu\u011funu ifade etti. NATO \u00fclkeleri savunma bakanlar\u0131n\u0131n &hellip;<\/p>\n","protected":false},"author":1,"featured_media":59886,"comment_status":"closed","ping_status":"closed","sticky":false,"template":"","format":"standard","meta":{"footnotes":""},"categories":[458,459,17988],"tags":[18962],"class_list":["post-59885","post","type-post","status-publish","format-standard","has-post-thumbnail","","category-dunya1","category-haberler-arap-uluslararasi-politika","category-son-haberler","tag-yunan-savunma-bakani-panos-caminos"],"_links":{"self":[{"href":"https:\/\/archive.sana.sy\/tr\/index.php?rest_route=\/wp\/v2\/posts\/59885","targetHints":{"allow":["GET"]}}],"collection":[{"href":"https:\/\/archive.sana.sy\/tr\/index.php?rest_route=\/wp\/v2\/posts"}],"about":[{"href":"https:\/\/archive.sana.sy\/tr\/index.php?rest_route=\/wp\/v2\/types\/post"}],"author":[{"embeddable":true,"href":"https:\/\/archive.sana.sy\/tr\/index.php?rest_route=\/wp\/v2\/users\/1"}],"replies":[{"embeddable":true,"href":"https:\/\/archive.sana.sy\/tr\/index.php?rest_route=%2Fwp%2Fv2%2Fcomments&post=59885"}],"version-history":[{"count":0,"href":"https:\/\/archive.sana.sy\/tr\/index.php?rest_route=\/wp\/v2\/posts\/59885\/revisions"}],"wp:featuredmedia":[{"embeddable":true,"href":"https:\/\/archive.sana.sy\/tr\/index.php?rest_route=\/wp\/v2\/media\/59886"}],"wp:attachment":[{"href":"https:\/\/archive.sana.sy\/tr\/index.php?rest_route=%2Fwp%2Fv2%2Fmedia&parent=59885"}],"wp:term":[{"taxonomy":"category","embeddable":true,"href":"https:\/\/archive.sana.sy\/tr\/index.php?rest_route=%2Fwp%2Fv2%2Fcategories&post=59885"},{"taxonomy":"post_tag","embeddable":true,"href":"https:\/\/archive.sana.sy\/tr\/index.php?rest_route=%2Fwp%2Fv2%2Ftags&post=59885"}],"curies":[{"name":"wp","href":"https:\/\/api.w.org\/{rel}","templated":true}]}}