{"id":59888,"date":"2016-02-02T11:15:48","date_gmt":"2016-02-02T09:15:48","guid":{"rendered":"http:\/\/www.sana.sy\/tr\/?p=59888"},"modified":"2016-02-02T20:35:33","modified_gmt":"2016-02-02T18:35:33","slug":"gatilov-3-gorusmede-bulundu","status":"publish","type":"post","link":"https:\/\/archive.sana.sy\/tr\/?p=59888","title":{"rendered":"Gatilov 3 G\u00f6r\u00fc\u015fmede Bulundu"},"content":{"rendered":"<p>CENEVRE \u2013 Rusya D\u0131\u015fi\u015fleri Bakan\u0131 Yard\u0131mc\u0131s\u0131 Gennady Gatilov Cenevre&#8217;de Suriyeliler aras\u0131nda yap\u0131lmakta olan diyalog g\u00f6r\u00fc\u015fmelerinde muhalefetin m\u00fcmk\u00fcn oldu\u011funca geni\u015f kapsaml\u0131 bir \u015fekilde temsil edilmesinin yan\u0131nda uluslar aras\u0131 toplumun Suriye&#8217;de ter\u00f6rle m\u00fccadele y\u00f6n\u00fcnde \u00e7abalar\u0131n\u0131 birle\u015ftirmeleri gere\u011finin alt\u0131n\u0131 \u00e7izdi.<\/p>\n<p>Rusya D\u0131\u015fi\u015fleri Bakanl\u0131\u011f\u0131 bug\u00fcn yay\u0131nlad\u0131\u011f\u0131 bas\u0131n bildirisinde Gatilov\u2019un d\u00fcn Cenevre&#8217;de BM Suriye \u00f6zel temsilcisi Staffan de Mistura, ABD D\u0131\u015fi\u015fleri Bakan\u0131n\u0131n Ortado\u011fu i\u015flerinden sorumlu yard\u0131mc\u0131s\u0131 Anne Patterson ve K\u00fcrt Demokratik Birlik Partisi Ba\u015fkan\u0131 Salih M\u00fcslim ile bir araya geldi\u011fini a\u00e7\u0131klad\u0131.<\/p>\n<p>Bas\u0131n bildirisinde g\u00f6r\u00fc\u015fmelerde Suriye&#8217;deki krize siyasi \u00e7\u00f6z\u00fcm bulma ama\u00e7l\u0131 cereyan eden Cenevre g\u00f6r\u00fc\u015fmelerinin ba\u015flamas\u0131 ve seyrine odaklan\u0131ld\u0131\u011f\u0131n\u0131 ifade etti.<\/p>\n<p>Di\u011fer yandan Gatilov Rus Sputnik ajans\u0131n\u0131n aktard\u0131\u011f\u0131 a\u00e7\u0131klamalar\u0131nda Suriye&#8217;deki K\u00fcrtlerin muhalefetin \u00f6nemli bir par\u00e7as\u0131 oldu\u011funu ve diyalog g\u00f6r\u00fc\u015fmelerine kat\u0131lmalar\u0131 gerekti\u011fini belirtti. Gatilov de Mistura ve ABD\u2019nin bu konuda Rusya ile ayn\u0131 g\u00f6r\u00fc\u015f\u00fc payla\u015ft\u0131klar\u0131n\u0131, fakat T\u00fcrkiye&#8217;deki rejimin buna kar\u015f\u0131 \u00e7\u0131kt\u0131\u011f\u0131na dikkat \u00e7ekti.<\/p>\n","protected":false},"excerpt":{"rendered":"<p>CENEVRE \u2013 Rusya D\u0131\u015fi\u015fleri Bakan\u0131 Yard\u0131mc\u0131s\u0131 Gennady Gatilov Cenevre&#8217;de Suriyeliler aras\u0131nda yap\u0131lmakta olan diyalog g\u00f6r\u00fc\u015fmelerinde muhalefetin m\u00fcmk\u00fcn oldu\u011funca geni\u015f kapsaml\u0131 bir \u015fekilde temsil edilmesinin yan\u0131nda uluslar aras\u0131 toplumun Suriye&#8217;de ter\u00f6rle m\u00fccadele y\u00f6n\u00fcnde \u00e7abalar\u0131n\u0131 birle\u015ftirmeleri gere\u011finin alt\u0131n\u0131 \u00e7izdi. Rusya D\u0131\u015fi\u015fleri Bakanl\u0131\u011f\u0131 bug\u00fcn yay\u0131nlad\u0131\u011f\u0131 bas\u0131n bildirisinde Gatilov\u2019un d\u00fcn Cenevre&#8217;de BM Suriye \u00f6zel temsilcisi Staffan de Mistura, ABD &hellip;<\/p>\n","protected":false},"author":1,"featured_media":59892,"comment_status":"closed","ping_status":"closed","sticky":false,"template":"","format":"standard","meta":{"footnotes":""},"categories":[458,459,17988],"tags":[18473,18865,16858],"class_list":["post-59888","post","type-post","status-publish","format-standard","has-post-thumbnail","","category-dunya1","category-haberler-arap-uluslararasi-politika","category-son-haberler","tag-cenevre-gorusmeleri","tag-cenevre-iii","tag-rusya-disisleri-bakani-yardimcisi-gennady-gatilov"],"_links":{"self":[{"href":"https:\/\/archive.sana.sy\/tr\/index.php?rest_route=\/wp\/v2\/posts\/59888","targetHints":{"allow":["GET"]}}],"collection":[{"href":"https:\/\/archive.sana.sy\/tr\/index.php?rest_route=\/wp\/v2\/posts"}],"about":[{"href":"https:\/\/archive.sana.sy\/tr\/index.php?rest_route=\/wp\/v2\/types\/post"}],"author":[{"embeddable":true,"href":"https:\/\/archive.sana.sy\/tr\/index.php?rest_route=\/wp\/v2\/users\/1"}],"replies":[{"embeddable":true,"href":"https:\/\/archive.sana.sy\/tr\/index.php?rest_route=%2Fwp%2Fv2%2Fcomments&post=59888"}],"version-history":[{"count":0,"href":"https:\/\/archive.sana.sy\/tr\/index.php?rest_route=\/wp\/v2\/posts\/59888\/revisions"}],"wp:featuredmedia":[{"embeddable":true,"href":"https:\/\/archive.sana.sy\/tr\/index.php?rest_route=\/wp\/v2\/media\/59892"}],"wp:attachment":[{"href":"https:\/\/archive.sana.sy\/tr\/index.php?rest_route=%2Fwp%2Fv2%2Fmedia&parent=59888"}],"wp:term":[{"taxonomy":"category","embeddable":true,"href":"https:\/\/archive.sana.sy\/tr\/index.php?rest_route=%2Fwp%2Fv2%2Fcategories&post=59888"},{"taxonomy":"post_tag","embeddable":true,"href":"https:\/\/archive.sana.sy\/tr\/index.php?rest_route=%2Fwp%2Fv2%2Ftags&post=59888"}],"curies":[{"name":"wp","href":"https:\/\/api.w.org\/{rel}","templated":true}]}}