{"id":59899,"date":"2016-02-02T15:00:32","date_gmt":"2016-02-02T13:00:32","guid":{"rendered":"http:\/\/www.sana.sy\/tr\/?p=59899"},"modified":"2016-02-02T14:57:06","modified_gmt":"2016-02-02T12:57:06","slug":"59899","status":"publish","type":"post","link":"https:\/\/archive.sana.sy\/tr\/?p=59899","title":{"rendered":"Caferi Suriyeliler aras\u0131ndaki dolayl\u0131 diyalog g\u00f6r\u00fc\u015fmelerin \u015fu ana dek resmi olarak ba\u015flamad\u0131\u011f\u0131n\u0131 ifade ederken, \u015fu ana dek yap\u0131lan t\u00fcm temaslar\u0131n haz\u0131rl\u0131k ama\u00e7l\u0131 oldu\u011funu, muhalefeti kimlerin temsil etti\u011finin bilinmedi\u011fini belirtti"},"content":{"rendered":"<p>Caferi Suriyeliler aras\u0131ndaki dolayl\u0131 diyalog g\u00f6r\u00fc\u015fmelerin \u015fu ana dek resmi olarak ba\u015flamad\u0131\u011f\u0131n\u0131 ifade ederken, \u015fu ana dek yap\u0131lan t\u00fcm temaslar\u0131n haz\u0131rl\u0131k ama\u00e7l\u0131 oldu\u011funu, muhalefeti kimlerin temsil etti\u011finin bilinmedi\u011fini belirtti<\/p>\n","protected":false},"excerpt":{"rendered":"<p>Caferi Suriyeliler aras\u0131ndaki dolayl\u0131 diyalog g\u00f6r\u00fc\u015fmelerin \u015fu ana dek resmi olarak ba\u015flamad\u0131\u011f\u0131n\u0131 ifade ederken, \u015fu ana dek yap\u0131lan t\u00fcm temaslar\u0131n haz\u0131rl\u0131k ama\u00e7l\u0131 oldu\u011funu, muhalefeti kimlerin temsil etti\u011finin bilinmedi\u011fini belirtti<\/p>\n","protected":false},"author":1,"featured_media":0,"comment_status":"closed","ping_status":"closed","sticky":false,"template":"","format":"standard","meta":{"footnotes":""},"categories":[17991],"tags":[],"class_list":["post-59899","post","type-post","status-publish","format-standard","","category-son-dakika"],"_links":{"self":[{"href":"https:\/\/archive.sana.sy\/tr\/index.php?rest_route=\/wp\/v2\/posts\/59899","targetHints":{"allow":["GET"]}}],"collection":[{"href":"https:\/\/archive.sana.sy\/tr\/index.php?rest_route=\/wp\/v2\/posts"}],"about":[{"href":"https:\/\/archive.sana.sy\/tr\/index.php?rest_route=\/wp\/v2\/types\/post"}],"author":[{"embeddable":true,"href":"https:\/\/archive.sana.sy\/tr\/index.php?rest_route=\/wp\/v2\/users\/1"}],"replies":[{"embeddable":true,"href":"https:\/\/archive.sana.sy\/tr\/index.php?rest_route=%2Fwp%2Fv2%2Fcomments&post=59899"}],"version-history":[{"count":0,"href":"https:\/\/archive.sana.sy\/tr\/index.php?rest_route=\/wp\/v2\/posts\/59899\/revisions"}],"wp:attachment":[{"href":"https:\/\/archive.sana.sy\/tr\/index.php?rest_route=%2Fwp%2Fv2%2Fmedia&parent=59899"}],"wp:term":[{"taxonomy":"category","embeddable":true,"href":"https:\/\/archive.sana.sy\/tr\/index.php?rest_route=%2Fwp%2Fv2%2Fcategories&post=59899"},{"taxonomy":"post_tag","embeddable":true,"href":"https:\/\/archive.sana.sy\/tr\/index.php?rest_route=%2Fwp%2Fv2%2Ftags&post=59899"}],"curies":[{"name":"wp","href":"https:\/\/api.w.org\/{rel}","templated":true}]}}