{"id":59902,"date":"2016-02-02T14:45:03","date_gmt":"2016-02-02T12:45:03","guid":{"rendered":"http:\/\/www.sana.sy\/tr\/?p=59902"},"modified":"2016-02-02T14:45:03","modified_gmt":"2016-02-02T12:45:03","slug":"bmde-bir-kaynak-suriye-arap-cumhuriyeti-heyeti-ile-bm-suriye-ozel-temsilcisi-staffan-de-mistura-arasinda-bm-binasinda-yapilan-gorusmenin-sona-erdigini-belirtti","status":"publish","type":"post","link":"https:\/\/archive.sana.sy\/tr\/?p=59902","title":{"rendered":"BM\u2019de bir kaynak Suriye Arap Cumhuriyeti heyeti ile BM Suriye \u00f6zel temsilcisi Staffan de Mistura aras\u0131nda BM binas\u0131nda yap\u0131lan g\u00f6r\u00fc\u015fmenin sona erdi\u011fini belirtti"},"content":{"rendered":"<p>BM\u2019de bir kaynak Suriye Arap Cumhuriyeti heyeti ile BM Suriye \u00f6zel temsilcisi Staffan de Mistura aras\u0131nda BM binas\u0131nda yap\u0131lan g\u00f6r\u00fc\u015fmenin sona erdi\u011fini belirtti<\/p>\n","protected":false},"excerpt":{"rendered":"<p>BM\u2019de bir kaynak Suriye Arap Cumhuriyeti heyeti ile BM Suriye \u00f6zel temsilcisi Staffan de Mistura aras\u0131nda BM binas\u0131nda yap\u0131lan g\u00f6r\u00fc\u015fmenin sona erdi\u011fini belirtti<\/p>\n","protected":false},"author":1,"featured_media":0,"comment_status":"closed","ping_status":"closed","sticky":false,"template":"","format":"standard","meta":{"footnotes":""},"categories":[17991],"tags":[],"class_list":["post-59902","post","type-post","status-publish","format-standard","","category-son-dakika"],"_links":{"self":[{"href":"https:\/\/archive.sana.sy\/tr\/index.php?rest_route=\/wp\/v2\/posts\/59902","targetHints":{"allow":["GET"]}}],"collection":[{"href":"https:\/\/archive.sana.sy\/tr\/index.php?rest_route=\/wp\/v2\/posts"}],"about":[{"href":"https:\/\/archive.sana.sy\/tr\/index.php?rest_route=\/wp\/v2\/types\/post"}],"author":[{"embeddable":true,"href":"https:\/\/archive.sana.sy\/tr\/index.php?rest_route=\/wp\/v2\/users\/1"}],"replies":[{"embeddable":true,"href":"https:\/\/archive.sana.sy\/tr\/index.php?rest_route=%2Fwp%2Fv2%2Fcomments&post=59902"}],"version-history":[{"count":0,"href":"https:\/\/archive.sana.sy\/tr\/index.php?rest_route=\/wp\/v2\/posts\/59902\/revisions"}],"wp:attachment":[{"href":"https:\/\/archive.sana.sy\/tr\/index.php?rest_route=%2Fwp%2Fv2%2Fmedia&parent=59902"}],"wp:term":[{"taxonomy":"category","embeddable":true,"href":"https:\/\/archive.sana.sy\/tr\/index.php?rest_route=%2Fwp%2Fv2%2Fcategories&post=59902"},{"taxonomy":"post_tag","embeddable":true,"href":"https:\/\/archive.sana.sy\/tr\/index.php?rest_route=%2Fwp%2Fv2%2Ftags&post=59902"}],"curies":[{"name":"wp","href":"https:\/\/api.w.org\/{rel}","templated":true}]}}