{"id":59905,"date":"2016-02-02T14:58:32","date_gmt":"2016-02-02T12:58:32","guid":{"rendered":"http:\/\/www.sana.sy\/tr\/?p=59905"},"modified":"2016-02-02T14:54:56","modified_gmt":"2016-02-02T12:54:56","slug":"basin-aciklamasinda-caferi-de-mistura-ile-gorusmelerinde-suriyedeki-insani-durumlarin-yani-sira-dolayli-olarak-yapilacak-diyalog-gorusmelerine-katilacaklarin-listesini-ele-aldiklarini-soyledi","status":"publish","type":"post","link":"https:\/\/archive.sana.sy\/tr\/?p=59905","title":{"rendered":"Bas\u0131n a\u00e7\u0131klamas\u0131nda Caferi de Mistura ile g\u00f6r\u00fc\u015fmelerinde Suriye&#8217;deki insani durumlar\u0131n yan\u0131 s\u0131ra dolayl\u0131 olarak yap\u0131lacak diyalog g\u00f6r\u00fc\u015fmelerine kat\u0131lacaklar\u0131n listesini ele ald\u0131klar\u0131n\u0131 s\u00f6yledi"},"content":{"rendered":"<p>Bas\u0131n a\u00e7\u0131klamas\u0131nda Caferi de Mistura ile g\u00f6r\u00fc\u015fmelerinde Suriye&#8217;deki insani durumlar\u0131n yan\u0131 s\u0131ra dolayl\u0131 olarak yap\u0131lacak diyalog g\u00f6r\u00fc\u015fmelerine kat\u0131lacaklar\u0131n listesini ele ald\u0131klar\u0131n\u0131 s\u00f6yledi<\/p>\n","protected":false},"excerpt":{"rendered":"<p>Bas\u0131n a\u00e7\u0131klamas\u0131nda Caferi de Mistura ile g\u00f6r\u00fc\u015fmelerinde Suriye&#8217;deki insani durumlar\u0131n yan\u0131 s\u0131ra dolayl\u0131 olarak yap\u0131lacak diyalog g\u00f6r\u00fc\u015fmelerine kat\u0131lacaklar\u0131n listesini ele ald\u0131klar\u0131n\u0131 s\u00f6yledi<\/p>\n","protected":false},"author":1,"featured_media":0,"comment_status":"closed","ping_status":"closed","sticky":false,"template":"","format":"standard","meta":{"footnotes":""},"categories":[1],"tags":[],"class_list":["post-59905","post","type-post","status-publish","format-standard","","category-news-not-sorted"],"_links":{"self":[{"href":"https:\/\/archive.sana.sy\/tr\/index.php?rest_route=\/wp\/v2\/posts\/59905","targetHints":{"allow":["GET"]}}],"collection":[{"href":"https:\/\/archive.sana.sy\/tr\/index.php?rest_route=\/wp\/v2\/posts"}],"about":[{"href":"https:\/\/archive.sana.sy\/tr\/index.php?rest_route=\/wp\/v2\/types\/post"}],"author":[{"embeddable":true,"href":"https:\/\/archive.sana.sy\/tr\/index.php?rest_route=\/wp\/v2\/users\/1"}],"replies":[{"embeddable":true,"href":"https:\/\/archive.sana.sy\/tr\/index.php?rest_route=%2Fwp%2Fv2%2Fcomments&post=59905"}],"version-history":[{"count":0,"href":"https:\/\/archive.sana.sy\/tr\/index.php?rest_route=\/wp\/v2\/posts\/59905\/revisions"}],"wp:attachment":[{"href":"https:\/\/archive.sana.sy\/tr\/index.php?rest_route=%2Fwp%2Fv2%2Fmedia&parent=59905"}],"wp:term":[{"taxonomy":"category","embeddable":true,"href":"https:\/\/archive.sana.sy\/tr\/index.php?rest_route=%2Fwp%2Fv2%2Fcategories&post=59905"},{"taxonomy":"post_tag","embeddable":true,"href":"https:\/\/archive.sana.sy\/tr\/index.php?rest_route=%2Fwp%2Fv2%2Ftags&post=59905"}],"curies":[{"name":"wp","href":"https:\/\/api.w.org\/{rel}","templated":true}]}}