{"id":59907,"date":"2016-02-02T14:52:15","date_gmt":"2016-02-02T12:52:15","guid":{"rendered":"http:\/\/www.sana.sy\/tr\/?p=59907"},"modified":"2016-02-02T14:47:50","modified_gmt":"2016-02-02T12:47:50","slug":"cenevre-iii-gorusmelerinde-suriye-arap-cumhuriyeti-heyetinin-baskani-bessar-el-caferi-bm-suriye-ozel-temsilcisi-staffan-de-mistura-ile-gorusmesi-ardindan-basina-aciklama-yapiyor","status":"publish","type":"post","link":"https:\/\/archive.sana.sy\/tr\/?p=59907","title":{"rendered":"Cenevre III g\u00f6r\u00fc\u015fmelerinde Suriye Arap Cumhuriyeti heyetinin ba\u015fkan\u0131 Be\u015f\u015far el Caferi BM Suriye \u00f6zel temsilcisi Staffan de Mistura ile g\u00f6r\u00fc\u015fmesi ard\u0131ndan bas\u0131na a\u00e7\u0131klama yap\u0131yor"},"content":{"rendered":"<p>Cenevre III g\u00f6r\u00fc\u015fmelerinde Suriye Arap Cumhuriyeti heyetinin ba\u015fkan\u0131 Be\u015f\u015far el Caferi BM Suriye \u00f6zel temsilcisi Staffan de Mistura ile g\u00f6r\u00fc\u015fmesi ard\u0131ndan bas\u0131na a\u00e7\u0131klama yap\u0131yor<\/p>\n","protected":false},"excerpt":{"rendered":"<p>Cenevre III g\u00f6r\u00fc\u015fmelerinde Suriye Arap Cumhuriyeti heyetinin ba\u015fkan\u0131 Be\u015f\u015far el Caferi BM Suriye \u00f6zel temsilcisi Staffan de Mistura ile g\u00f6r\u00fc\u015fmesi ard\u0131ndan bas\u0131na a\u00e7\u0131klama yap\u0131yor<\/p>\n","protected":false},"author":1,"featured_media":0,"comment_status":"closed","ping_status":"closed","sticky":false,"template":"","format":"standard","meta":{"footnotes":""},"categories":[17991],"tags":[],"class_list":["post-59907","post","type-post","status-publish","format-standard","","category-son-dakika"],"_links":{"self":[{"href":"https:\/\/archive.sana.sy\/tr\/index.php?rest_route=\/wp\/v2\/posts\/59907","targetHints":{"allow":["GET"]}}],"collection":[{"href":"https:\/\/archive.sana.sy\/tr\/index.php?rest_route=\/wp\/v2\/posts"}],"about":[{"href":"https:\/\/archive.sana.sy\/tr\/index.php?rest_route=\/wp\/v2\/types\/post"}],"author":[{"embeddable":true,"href":"https:\/\/archive.sana.sy\/tr\/index.php?rest_route=\/wp\/v2\/users\/1"}],"replies":[{"embeddable":true,"href":"https:\/\/archive.sana.sy\/tr\/index.php?rest_route=%2Fwp%2Fv2%2Fcomments&post=59907"}],"version-history":[{"count":0,"href":"https:\/\/archive.sana.sy\/tr\/index.php?rest_route=\/wp\/v2\/posts\/59907\/revisions"}],"wp:attachment":[{"href":"https:\/\/archive.sana.sy\/tr\/index.php?rest_route=%2Fwp%2Fv2%2Fmedia&parent=59907"}],"wp:term":[{"taxonomy":"category","embeddable":true,"href":"https:\/\/archive.sana.sy\/tr\/index.php?rest_route=%2Fwp%2Fv2%2Fcategories&post=59907"},{"taxonomy":"post_tag","embeddable":true,"href":"https:\/\/archive.sana.sy\/tr\/index.php?rest_route=%2Fwp%2Fv2%2Ftags&post=59907"}],"curies":[{"name":"wp","href":"https:\/\/api.w.org\/{rel}","templated":true}]}}