{"id":59909,"date":"2016-02-02T15:07:28","date_gmt":"2016-02-02T13:07:28","guid":{"rendered":"http:\/\/www.sana.sy\/tr\/?p=59909"},"modified":"2016-02-02T14:56:50","modified_gmt":"2016-02-02T12:56:50","slug":"muhalefeti-kimlerin-temsil-ettiginin-bilinmedigini-belirten-caferi-de-misturadan-dolayli-gorusmelerde-muhalefet-adina-bulunacak-sahsiyetlerin-listesini-istediklerini-acikladi","status":"publish","type":"post","link":"https:\/\/archive.sana.sy\/tr\/?p=59909","title":{"rendered":"Muhalefeti kimlerin temsil etti\u011finin bilinmedi\u011fini belirten Caferi; de Mistura\u2019dan dolayl\u0131 g\u00f6r\u00fc\u015fmelerde muhalefet ad\u0131na bulunacak \u015fahsiyetlerin listesini istediklerini a\u00e7\u0131klad\u0131"},"content":{"rendered":"<p>Muhalefeti kimlerin temsil etti\u011finin bilinmedi\u011fini belirten Caferi; de Mistura\u2019dan dolayl\u0131 g\u00f6r\u00fc\u015fmelerde muhalefet ad\u0131na bulunacak \u015fahsiyetlerin listesini istediklerini a\u00e7\u0131klad\u0131<\/p>\n","protected":false},"excerpt":{"rendered":"<p>Muhalefeti kimlerin temsil etti\u011finin bilinmedi\u011fini belirten Caferi; de Mistura\u2019dan dolayl\u0131 g\u00f6r\u00fc\u015fmelerde muhalefet ad\u0131na bulunacak \u015fahsiyetlerin listesini istediklerini a\u00e7\u0131klad\u0131<\/p>\n","protected":false},"author":1,"featured_media":0,"comment_status":"closed","ping_status":"closed","sticky":false,"template":"","format":"standard","meta":{"footnotes":""},"categories":[17991],"tags":[],"class_list":["post-59909","post","type-post","status-publish","format-standard","","category-son-dakika"],"_links":{"self":[{"href":"https:\/\/archive.sana.sy\/tr\/index.php?rest_route=\/wp\/v2\/posts\/59909","targetHints":{"allow":["GET"]}}],"collection":[{"href":"https:\/\/archive.sana.sy\/tr\/index.php?rest_route=\/wp\/v2\/posts"}],"about":[{"href":"https:\/\/archive.sana.sy\/tr\/index.php?rest_route=\/wp\/v2\/types\/post"}],"author":[{"embeddable":true,"href":"https:\/\/archive.sana.sy\/tr\/index.php?rest_route=\/wp\/v2\/users\/1"}],"replies":[{"embeddable":true,"href":"https:\/\/archive.sana.sy\/tr\/index.php?rest_route=%2Fwp%2Fv2%2Fcomments&post=59909"}],"version-history":[{"count":0,"href":"https:\/\/archive.sana.sy\/tr\/index.php?rest_route=\/wp\/v2\/posts\/59909\/revisions"}],"wp:attachment":[{"href":"https:\/\/archive.sana.sy\/tr\/index.php?rest_route=%2Fwp%2Fv2%2Fmedia&parent=59909"}],"wp:term":[{"taxonomy":"category","embeddable":true,"href":"https:\/\/archive.sana.sy\/tr\/index.php?rest_route=%2Fwp%2Fv2%2Fcategories&post=59909"},{"taxonomy":"post_tag","embeddable":true,"href":"https:\/\/archive.sana.sy\/tr\/index.php?rest_route=%2Fwp%2Fv2%2Ftags&post=59909"}],"curies":[{"name":"wp","href":"https:\/\/api.w.org\/{rel}","templated":true}]}}