{"id":59914,"date":"2016-02-02T15:14:16","date_gmt":"2016-02-02T13:14:16","guid":{"rendered":"http:\/\/www.sana.sy\/tr\/?p=59914"},"modified":"2016-02-02T15:00:05","modified_gmt":"2016-02-02T13:00:05","slug":"birkac-gun-once-sam-kirsali-seyyide-zeynep-beldesinde-meydana-gelen-ve-onlarca-sivil-insanin-sehit-onlarcasinin-da-yarali-dusmesine-yol-acan-bombali-eylemlerin-sozde-suriye-halkini-temsil-ettigini-ve","status":"publish","type":"post","link":"https:\/\/archive.sana.sy\/tr\/?p=59914","title":{"rendered":"Birka\u00e7 g\u00fcn \u00f6nce \u015eam k\u0131rsal\u0131 Seyyide Zeynep Beldesinde meydana gelen ve onlarca sivil insan\u0131n \u015fehit, onlarcas\u0131n\u0131n da yaral\u0131 d\u00fc\u015fmesine yol a\u00e7an bombal\u0131 eylemlerin s\u00f6zde Suriye halk\u0131n\u0131 temsil etti\u011fini ve bu halk\u0131n kanlar\u0131n\u0131n ak\u0131t\u0131lmas\u0131na \u00f6zen g\u00f6sterdi\u011fini iddia eden \u2018muhalefet heyet\u2019i taraf\u0131ndan k\u0131nanmad\u0131\u011f\u0131na dikkat \u00e7eken Caferi, BM G\u00fcvenlik Konseyinin de k\u0131nad\u0131\u011f\u0131 bu ter\u00f6r eylemlerin \u2018muhalefet heyeti taraf\u0131ndan k\u0131nanmas\u0131na de Mistura ile toplant\u0131da i\u015faret ettiklerini a\u00e7\u0131klad\u0131"},"content":{"rendered":"<p>Birka\u00e7 g\u00fcn \u00f6nce \u015eam k\u0131rsal\u0131 Seyyide Zeynep Beldesinde meydana gelen ve onlarca sivil insan\u0131n \u015fehit, onlarcas\u0131n\u0131n da yaral\u0131 d\u00fc\u015fmesine yol a\u00e7an bombal\u0131 eylemlerin s\u00f6zde Suriye halk\u0131n\u0131 temsil etti\u011fini ve bu halk\u0131n kanlar\u0131n\u0131n ak\u0131t\u0131lmas\u0131na \u00f6zen g\u00f6sterdi\u011fini iddia eden \u2018muhalefet heyet\u2019i taraf\u0131ndan k\u0131nanmad\u0131\u011f\u0131na dikkat \u00e7eken Caferi, BM G\u00fcvenlik Konseyinin de k\u0131nad\u0131\u011f\u0131 bu ter\u00f6r eylemlerin \u2018muhalefet heyeti taraf\u0131ndan k\u0131nanmas\u0131na de Mistura ile toplant\u0131da i\u015faret ettiklerini a\u00e7\u0131klad\u0131<\/p>\n","protected":false},"excerpt":{"rendered":"<p>Birka\u00e7 g\u00fcn \u00f6nce \u015eam k\u0131rsal\u0131 Seyyide Zeynep Beldesinde meydana gelen ve onlarca sivil insan\u0131n \u015fehit, onlarcas\u0131n\u0131n da yaral\u0131 d\u00fc\u015fmesine yol a\u00e7an bombal\u0131 eylemlerin s\u00f6zde Suriye halk\u0131n\u0131 temsil etti\u011fini ve bu halk\u0131n kanlar\u0131n\u0131n ak\u0131t\u0131lmas\u0131na \u00f6zen g\u00f6sterdi\u011fini iddia eden \u2018muhalefet heyet\u2019i taraf\u0131ndan k\u0131nanmad\u0131\u011f\u0131na dikkat \u00e7eken Caferi, BM G\u00fcvenlik Konseyinin de k\u0131nad\u0131\u011f\u0131 bu ter\u00f6r eylemlerin \u2018muhalefet heyeti taraf\u0131ndan &hellip;<\/p>\n","protected":false},"author":1,"featured_media":0,"comment_status":"closed","ping_status":"closed","sticky":false,"template":"","format":"standard","meta":{"footnotes":""},"categories":[17991],"tags":[],"class_list":["post-59914","post","type-post","status-publish","format-standard","","category-son-dakika"],"_links":{"self":[{"href":"https:\/\/archive.sana.sy\/tr\/index.php?rest_route=\/wp\/v2\/posts\/59914","targetHints":{"allow":["GET"]}}],"collection":[{"href":"https:\/\/archive.sana.sy\/tr\/index.php?rest_route=\/wp\/v2\/posts"}],"about":[{"href":"https:\/\/archive.sana.sy\/tr\/index.php?rest_route=\/wp\/v2\/types\/post"}],"author":[{"embeddable":true,"href":"https:\/\/archive.sana.sy\/tr\/index.php?rest_route=\/wp\/v2\/users\/1"}],"replies":[{"embeddable":true,"href":"https:\/\/archive.sana.sy\/tr\/index.php?rest_route=%2Fwp%2Fv2%2Fcomments&post=59914"}],"version-history":[{"count":0,"href":"https:\/\/archive.sana.sy\/tr\/index.php?rest_route=\/wp\/v2\/posts\/59914\/revisions"}],"wp:attachment":[{"href":"https:\/\/archive.sana.sy\/tr\/index.php?rest_route=%2Fwp%2Fv2%2Fmedia&parent=59914"}],"wp:term":[{"taxonomy":"category","embeddable":true,"href":"https:\/\/archive.sana.sy\/tr\/index.php?rest_route=%2Fwp%2Fv2%2Fcategories&post=59914"},{"taxonomy":"post_tag","embeddable":true,"href":"https:\/\/archive.sana.sy\/tr\/index.php?rest_route=%2Fwp%2Fv2%2Ftags&post=59914"}],"curies":[{"name":"wp","href":"https:\/\/api.w.org\/{rel}","templated":true}]}}