{"id":59922,"date":"2016-02-02T15:23:56","date_gmt":"2016-02-02T13:23:56","guid":{"rendered":"http:\/\/www.sana.sy\/tr\/?p=59922"},"modified":"2016-02-02T15:09:42","modified_gmt":"2016-02-02T13:09:42","slug":"suriye-arap-cumhuriyeti-heyetinin-cenevreye-belirlenen-zamanda-ulastigina-dikkat-ceken-caferi-kamuoyunun-kandirilmamasi-ve-belirlenen-icraatsal-kosullara-basli-kalma-babindan-basina-hicbir-a","status":"publish","type":"post","link":"https:\/\/archive.sana.sy\/tr\/?p=59922","title":{"rendered":"Suriye Arap Cumhuriyeti heyetinin Cenevre\u2019ye belirlenen zamanda ula\u015ft\u0131\u011f\u0131na dikkat \u00e7eken Caferi, kamuoyunun kand\u0131r\u0131lmamas\u0131 ve belirlenen icraatsal ko\u015fullara ba\u015fl\u0131 kalma bab\u0131ndan bas\u0131na hi\u00e7bir a\u00e7\u0131klama yapmad\u0131\u011f\u0131n\u0131 belirtti"},"content":{"rendered":"<p>Suriye Arap Cumhuriyeti heyetinin Cenevre\u2019ye belirlenen zamanda ula\u015ft\u0131\u011f\u0131na dikkat \u00e7eken Caferi, kamuoyunun kand\u0131r\u0131lmamas\u0131 ve belirlenen icraatsal ko\u015fullara ba\u015fl\u0131 kalma bab\u0131ndan bas\u0131na hi\u00e7bir a\u00e7\u0131klama yapmad\u0131\u011f\u0131n\u0131 belirtti<\/p>\n","protected":false},"excerpt":{"rendered":"<p>Suriye Arap Cumhuriyeti heyetinin Cenevre\u2019ye belirlenen zamanda ula\u015ft\u0131\u011f\u0131na dikkat \u00e7eken Caferi, kamuoyunun kand\u0131r\u0131lmamas\u0131 ve belirlenen icraatsal ko\u015fullara ba\u015fl\u0131 kalma bab\u0131ndan bas\u0131na hi\u00e7bir a\u00e7\u0131klama yapmad\u0131\u011f\u0131n\u0131 belirtti<\/p>\n","protected":false},"author":1,"featured_media":0,"comment_status":"closed","ping_status":"closed","sticky":false,"template":"","format":"standard","meta":{"footnotes":""},"categories":[17991],"tags":[],"class_list":["post-59922","post","type-post","status-publish","format-standard","","category-son-dakika"],"_links":{"self":[{"href":"https:\/\/archive.sana.sy\/tr\/index.php?rest_route=\/wp\/v2\/posts\/59922","targetHints":{"allow":["GET"]}}],"collection":[{"href":"https:\/\/archive.sana.sy\/tr\/index.php?rest_route=\/wp\/v2\/posts"}],"about":[{"href":"https:\/\/archive.sana.sy\/tr\/index.php?rest_route=\/wp\/v2\/types\/post"}],"author":[{"embeddable":true,"href":"https:\/\/archive.sana.sy\/tr\/index.php?rest_route=\/wp\/v2\/users\/1"}],"replies":[{"embeddable":true,"href":"https:\/\/archive.sana.sy\/tr\/index.php?rest_route=%2Fwp%2Fv2%2Fcomments&post=59922"}],"version-history":[{"count":0,"href":"https:\/\/archive.sana.sy\/tr\/index.php?rest_route=\/wp\/v2\/posts\/59922\/revisions"}],"wp:attachment":[{"href":"https:\/\/archive.sana.sy\/tr\/index.php?rest_route=%2Fwp%2Fv2%2Fmedia&parent=59922"}],"wp:term":[{"taxonomy":"category","embeddable":true,"href":"https:\/\/archive.sana.sy\/tr\/index.php?rest_route=%2Fwp%2Fv2%2Fcategories&post=59922"},{"taxonomy":"post_tag","embeddable":true,"href":"https:\/\/archive.sana.sy\/tr\/index.php?rest_route=%2Fwp%2Fv2%2Ftags&post=59922"}],"curies":[{"name":"wp","href":"https:\/\/api.w.org\/{rel}","templated":true}]}}