{"id":59938,"date":"2016-02-02T16:01:51","date_gmt":"2016-02-02T14:01:51","guid":{"rendered":"http:\/\/www.sana.sy\/tr\/?p=59938"},"modified":"2016-02-02T15:27:38","modified_gmt":"2016-02-02T13:27:38","slug":"ayni-kaynak-de-misturanin-diyalog-gorusmelerine-katilacak-sahsiyetlerin-listesini-yarin-suriye-arap-cumhuriyeti-heyetine-teslim-etme-vaadinde-bulundugunu-belirtti","status":"publish","type":"post","link":"https:\/\/archive.sana.sy\/tr\/?p=59938","title":{"rendered":"Ayn\u0131 kaynak de Mistura\u2019n\u0131n diyalog g\u00f6r\u00fc\u015fmelerine kat\u0131lacak \u015fahsiyetlerin listesini yar\u0131n Suriye Arap Cumhuriyeti heyetine teslim etme vaadinde bulundu\u011funu belirtti."},"content":{"rendered":"<p>Ayn\u0131 kaynak de Mistura\u2019n\u0131n diyalog g\u00f6r\u00fc\u015fmelerine kat\u0131lacak \u015fahsiyetlerin listesini yar\u0131n Suriye Arap Cumhuriyeti heyetine teslim etme vaadinde bulundu\u011funu belirtti.<\/p>\n","protected":false},"excerpt":{"rendered":"<p>Ayn\u0131 kaynak de Mistura\u2019n\u0131n diyalog g\u00f6r\u00fc\u015fmelerine kat\u0131lacak \u015fahsiyetlerin listesini yar\u0131n Suriye Arap Cumhuriyeti heyetine teslim etme vaadinde bulundu\u011funu belirtti.<\/p>\n","protected":false},"author":1,"featured_media":0,"comment_status":"closed","ping_status":"closed","sticky":false,"template":"","format":"standard","meta":{"footnotes":""},"categories":[17991],"tags":[],"class_list":["post-59938","post","type-post","status-publish","format-standard","","category-son-dakika"],"_links":{"self":[{"href":"https:\/\/archive.sana.sy\/tr\/index.php?rest_route=\/wp\/v2\/posts\/59938","targetHints":{"allow":["GET"]}}],"collection":[{"href":"https:\/\/archive.sana.sy\/tr\/index.php?rest_route=\/wp\/v2\/posts"}],"about":[{"href":"https:\/\/archive.sana.sy\/tr\/index.php?rest_route=\/wp\/v2\/types\/post"}],"author":[{"embeddable":true,"href":"https:\/\/archive.sana.sy\/tr\/index.php?rest_route=\/wp\/v2\/users\/1"}],"replies":[{"embeddable":true,"href":"https:\/\/archive.sana.sy\/tr\/index.php?rest_route=%2Fwp%2Fv2%2Fcomments&post=59938"}],"version-history":[{"count":0,"href":"https:\/\/archive.sana.sy\/tr\/index.php?rest_route=\/wp\/v2\/posts\/59938\/revisions"}],"wp:attachment":[{"href":"https:\/\/archive.sana.sy\/tr\/index.php?rest_route=%2Fwp%2Fv2%2Fmedia&parent=59938"}],"wp:term":[{"taxonomy":"category","embeddable":true,"href":"https:\/\/archive.sana.sy\/tr\/index.php?rest_route=%2Fwp%2Fv2%2Fcategories&post=59938"},{"taxonomy":"post_tag","embeddable":true,"href":"https:\/\/archive.sana.sy\/tr\/index.php?rest_route=%2Fwp%2Fv2%2Ftags&post=59938"}],"curies":[{"name":"wp","href":"https:\/\/api.w.org\/{rel}","templated":true}]}}