{"id":59949,"date":"2016-02-02T21:00:53","date_gmt":"2016-02-02T19:00:53","guid":{"rendered":"http:\/\/www.sana.sy\/tr\/?p=59949"},"modified":"2016-02-03T20:01:00","modified_gmt":"2016-02-03T18:01:00","slug":"terore-karsi-mucadele-yeni-basarilarla-suruyor-2","status":"publish","type":"post","link":"https:\/\/archive.sana.sy\/tr\/?p=59949","title":{"rendered":"Ter\u00f6re Kar\u015f\u0131 M\u00fccadele Yeni Ba\u015far\u0131larla S\u00fcr\u00fcyor (video)"},"content":{"rendered":"<p>\u0130LLER \u2013 Vatan koruyucular\u0131m\u0131z hava g\u00fc\u00e7lerimizin deste\u011fi ile \u00e7okuluslu tekfirci ve hain ter\u00f6ristlere y\u00f6nelik operasyonlar\u0131nda bug\u00fcn yeni ba\u015far\u0131lara imza atarak kontrolleri alt\u0131ndaki b\u00f6lgeleri geni\u015fletmeye devam etti.<\/p>\n<p><span style=\"color: #0000ff\">HALEP:<\/span><\/p>\n<p>SANA\u2019ya a\u00e7\u0131klama yapan saha kaynaklar\u0131; ordu birliklerimizin Halk Savunma G\u00fc\u00e7leriyle i\u015fbirli\u011fi i\u00e7inde Halep k\u0131rsal\u0131n\u0131n kuzeyi Hardetneyn K\u00f6y\u00fcnde Erdo\u011fan \u00e7etelerini say\u0131 ve te\u00e7hizatlar\u0131yla a\u011f\u0131r kay\u0131plara u\u011fratmalar\u0131 ard\u0131ndan k\u00f6y ahalisinin can ve mal g\u00fcvneli\u011fini kontrollerine ge\u00e7irmelerine e\u015f zamanl\u0131 olarak k\u00f6y\u00fcn g\u00fcneyine d\u00fc\u015fen Retyan K\u00f6y\u00fcn\u00fc ate\u015f kontrol\u00fcne ald\u0131klar\u0131n\u0131 beyan etti.<\/p>\n<p>Kaynaklar; \u00e7ok say\u0131da ter\u00f6ristin \u00f6ld\u00fcr\u00fclmesi ve sa\u011f kalanlar\u0131n ka\u00e7maya zorlanmalar\u0131 ard\u0131ndan kontrole ald\u0131klar\u0131 Hardetneyn K\u00f6y\u00fcnde ordu birliklerimize tabi bomba imha ekiplerinin arama tarama operasyonlar\u0131 s\u0131ras\u0131nda gaddar ter\u00f6ristlerin ev, mezra ve sokaklara yerle\u015ftirdikleri may\u0131n ve bubi tuzaklar\u0131n\u0131 etkisizle\u015ftirdiklerini belirtti.<\/p>\n<p>Kaynaklar; Halep k\u0131rsal\u0131n\u0131n kuzeyi Ba\u015fkova B\u00f6lgesinde de ordu birliklerimizin Halep Kentinin muhtelif semtlerinde bulunan ter\u00f6r \u00e7etelerinden destek hatlar\u0131n\u0131 kesmek i\u00e7in ter\u00f6ristlere kar\u015f\u0131 nitelikli operasyonlar ger\u00e7ekle\u015ftirdiklerini s\u00f6yledi.<\/p>\n<p>Ak\u015fam saatlerinde a\u00e7\u0131klama yapan bir kaynak Halep k\u0131rsal\u0131 el Bab Kentinde I\u015e\u0130D\u2019in siper ve karargahlar\u0131na hava operasyonlar\u0131 ger\u00e7ekle\u015ftiren hava g\u00fc\u00e7lerimizin; silah ve cephane dolu 4 mevkii tamam\u0131yla imha ettiklerini belirtti.<\/p>\n<p>https:\/\/www.youtube.com\/watch?v=SVLVV7H0L28<\/p>\n<p><span style=\"color: #0000ff\">HAMA:<\/span><\/p>\n<p>\u00d6te yandan askeri kaynak Vahhabi \u00c2l Suud ve ihvanc\u0131 Erdo\u011fan rejimlerinin destekledikleri \u2018Fetih Ordusu\u2019na y\u00f6nelik nitelikli operasyonlar\u0131n\u0131 s\u00fcrd\u00fcren ordu birliklerimizin; Hama k\u0131rsal\u0131n\u0131n kuzeyi Morik, Latamine ve Latmin b\u00f6lgelerinde son 24 saat i\u00e7inde Nusra Cephesinden en az 37 ter\u00f6risti \u00f6ld\u00fcr\u00fcp 4 komuta karargah\u0131n\u0131n yan\u0131 s\u0131ra 1 dozer ve 2 arac\u0131 tamam\u0131yla imha ettiklerini ifade etti.<\/p>\n<p><span style=\"color: #0000ff\">\u0130DL\u0130B:<\/span><\/p>\n<p>Askeri kaynak \u0130dlib k\u0131rsal\u0131nda ise Nusra Cephesi ve di\u011fer ter\u00f6r \u00f6rg\u00fctlerin toplanma yerleri ve mevkilerini hedef alan ordu birliklerimizin; Ebu Zuhur, Serakib ve Temania b\u00f6lgelerinde tekfircilerin 4 komuta karargah\u0131 ve 3 arac\u0131n\u0131 yok ettiklerini a\u00e7\u0131klad\u0131.<\/p>\n<p>\u0130dlib k\u0131rsal\u0131 Kefar N\u00fcbb\u00fcl B\u00f6lgesinde de ordu birliklerimizin \u2018Fursan el Hak\u2019 ad\u0131yla bilenen ter\u00f6r \u00e7etelerine ait bir komuta karargah\u0131n\u0131 yo\u011fun ate\u015fe tutuklar\u0131n\u0131 aktaran kaynak; 5 TOW f\u00fcze rampas\u0131n\u0131 da imha ettiklerini s\u00f6zlerine ekledi.<\/p>\n<p><span style=\"color: #0000ff\">DERA:<\/span><\/p>\n<p>Bu arada ordu birliklerimiz Dera Kentinin yakla\u015f\u0131k 4 km kuzeyine d\u00fc\u015fen Etman Beldesinde ter\u00f6rist ve cephane ta\u015f\u0131yan bir arac\u0131n\u0131 imha etmelerine ek olarak Etman Beldesinin kuzeyinde ter\u00f6ristlerin siper ve mevkilerini hedef almalar\u0131yla bir ter\u00f6r grubunun t\u00fcm \u00fcyelerini \u00f6l\u00fc ve yaral\u0131 d\u00fc\u015f\u00fcrd\u00fc.<\/p>\n<p>Dera k\u0131rsal\u0131n\u0131n do\u011fusu Um Valad K\u00f6y\u00fcn\u00fcn kuzeybat\u0131s\u0131nda ter\u00f6ristlerin hareket eksenlerini yo\u011fun ate\u015fe tutan ordu birliklerimiz; siper ve barikat kurmada kulland\u0131klar\u0131 bir dozeri beraberinde bulunan ter\u00f6ristlerle birlikte imha etti.<\/p>\n<p>Dera k\u0131rsal\u0131 Tafas Kentinin \u00e7evresinde de ordu birliklerimiz, ter\u00f6ristlerin toplanma yerleri ve havan rampalar\u0131n\u0131 yok etmelerine e\u015f zamanl\u0131 olarak Dera \u2013Tafas yolu \u00fczerende bir ter\u00f6r grubunun hareketlenmelerini hedef alarak saflar\u0131nda a\u011f\u0131r kay\u0131plara yol a\u00e7t\u0131.<\/p>\n<p><span style=\"color: #0000ff\">DEYREZZOR:<\/span><\/p>\n<p>Ak\u015fam saatlerinde a\u00e7\u0131klama yapan saha kaynaklar\u0131; ordu birliklerimizin Deyrezzor Kentinin kuzeydo\u011fu kenarlar\u0131na d\u00fc\u015fen el Aradi Semtinde I\u015e\u0130D ter\u00f6r \u00f6rg\u00fct\u00fcne tabi bir komuta karargah\u0131n\u0131n yan\u0131 s\u0131ra ter\u00f6rist ve cephane ta\u015f\u0131yan bir arac\u0131 imha ettiklerini belirtti.<\/p>\n<p>Deyrezzor Kenti Maedan Semtinde de ordu birliklerimizin I\u015e\u0130D\u2019in mevkilerine kar\u015f\u0131 askeri operasyonlar ger\u00e7ekle\u015ftirdiklerini aktaran kaynaklar; aralar\u0131nda tehlikeli isimlerin bulundu\u011fu 7 ter\u00f6risti \u00f6ld\u00fcrd\u00fcklerine dikkat \u00e7ekti.<\/p>\n<p>Kaynaklar; ordu birliklerimizin Deyrezzor k\u0131rsal\u0131 Albukemal Kentinin s\u0131n\u0131rlar\u0131na d\u00fc\u015fen S\u00fcvayiaye B\u00f6lgesi civar\u0131nda 11 ter\u00f6ristin \u00f6ld\u00fcr\u00fclmelerine ek olarak Sanayi ve Huvayka semtlerinde en az 18 ter\u00f6ristin su\u00e7 edatlar\u0131yla birlikte yok edildiklerini aktard\u0131.<\/p>\n<p>Bu arada I\u015e\u0130D ter\u00f6r \u00f6rg\u00fct\u00fcne tabi medya ara\u00e7lar\u0131nda \u00f6rg\u00fct\u00fcn; Irak topraklar\u0131na ka\u00e7maya \u00e7al\u0131\u015fma ve kendilerine verilen g\u00f6revi yerine getirmeme su\u00e7uyla 43 ter\u00f6risti tasfiye etti\u011fini belirtti.<\/p>\n<p><span style=\"color: #0000ff\">HOMS:<\/span><\/p>\n<p>Di\u011fer yandan askeri kaynak; hava g\u00fc\u00e7lerimizden destek alan ordu birliklerimizin Homs k\u0131rsal\u0131n\u0131n g\u00fcneydo\u011fusu Karyeteyn Kenti, Tlul el Sud B\u00f6lgesi ve M\u0131hse K\u00f6y\u00fcnde I\u015e\u0130D\u2019in toplanma yerleri ve mevkilerini yo\u011fun ate\u015fe tutuklar\u0131n\u0131 belirtti. Kaynak; operasyonlarda \u00e7ok say\u0131da ter\u00f6ristin \u00f6l\u00fc ve yaral\u0131 d\u00fc\u015f\u00fcr\u00fcl\u00fcp havzalar\u0131ndaki silah ve m\u00fchimmatlar\u0131n\u0131n da imha edildi\u011fine dikkat \u00e7ekti.<\/p>\n<p>Hava g\u00fc\u00e7lerimizin Homs k\u0131rsal\u0131n\u0131n do\u011fusu Cub el Cerrah Nahiyesine tabi Mennuh K\u00f6y\u00fcn\u00fcn bat\u0131s\u0131nda I\u015e\u0130D\u2019in toplanma yerleri ve merkezlerini hedef ald\u0131klar\u0131n\u0131 aktaran kaynak; tekfircilerin saflar\u0131nda bir\u00e7ok ter\u00f6risti \u00f6l\u00fc ve yaral\u0131 d\u00fc\u015f\u00fcrd\u00fcklerini s\u00f6yledi.<\/p>\n<p>Kaynak Homs k\u0131rsal\u0131n\u0131n kuzeyinde de Nusra Cephesi ve \u00e7at\u0131s\u0131 alt\u0131nda bulunan ter\u00f6r \u00f6rg\u00fctlere y\u00f6nelik operasyonlar\u0131n\u0131 s\u00fcrd\u00fcren ordu birliklerimizin; Keysin, Ber\u011fusiye ve \u011eacar k\u00f6ylerinin yan\u0131 s\u0131ra Resten Kentinde ter\u00f6ristleri say\u0131 ve te\u00e7hizatlar\u0131yla b\u00fcy\u00fck kay\u0131plar\u0131 u\u011fratt\u0131klar\u0131n\u0131 s\u00f6zlerine ekledi.<\/p>\n<p>M.M. &#8211; R.H.<\/p>\n","protected":false},"excerpt":{"rendered":"<p>\u0130LLER \u2013 Vatan koruyucular\u0131m\u0131z hava g\u00fc\u00e7lerimizin deste\u011fi ile \u00e7okuluslu tekfirci ve hain ter\u00f6ristlere y\u00f6nelik operasyonlar\u0131nda bug\u00fcn yeni ba\u015far\u0131lara imza atarak kontrolleri alt\u0131ndaki b\u00f6lgeleri geni\u015fletmeye devam etti. HALEP: SANA\u2019ya a\u00e7\u0131klama yapan saha kaynaklar\u0131; ordu birliklerimizin Halk Savunma G\u00fc\u00e7leriyle i\u015fbirli\u011fi i\u00e7inde Halep k\u0131rsal\u0131n\u0131n kuzeyi Hardetneyn K\u00f6y\u00fcnde Erdo\u011fan \u00e7etelerini say\u0131 ve te\u00e7hizatlar\u0131yla a\u011f\u0131r kay\u0131plara u\u011fratmalar\u0131 ard\u0131ndan k\u00f6y ahalisinin &hellip;<\/p>\n","protected":false},"author":1,"featured_media":59950,"comment_status":"closed","ping_status":"closed","sticky":false,"template":"","format":"standard","meta":{"footnotes":""},"categories":[575],"tags":[1644],"class_list":["post-59949","post","type-post","status-publish","format-standard","has-post-thumbnail","","category-olaylar-ve-gercekler","tag-terore-karsi-mucadele-yeni-basarilarla-suruyor"],"_links":{"self":[{"href":"https:\/\/archive.sana.sy\/tr\/index.php?rest_route=\/wp\/v2\/posts\/59949","targetHints":{"allow":["GET"]}}],"collection":[{"href":"https:\/\/archive.sana.sy\/tr\/index.php?rest_route=\/wp\/v2\/posts"}],"about":[{"href":"https:\/\/archive.sana.sy\/tr\/index.php?rest_route=\/wp\/v2\/types\/post"}],"author":[{"embeddable":true,"href":"https:\/\/archive.sana.sy\/tr\/index.php?rest_route=\/wp\/v2\/users\/1"}],"replies":[{"embeddable":true,"href":"https:\/\/archive.sana.sy\/tr\/index.php?rest_route=%2Fwp%2Fv2%2Fcomments&post=59949"}],"version-history":[{"count":0,"href":"https:\/\/archive.sana.sy\/tr\/index.php?rest_route=\/wp\/v2\/posts\/59949\/revisions"}],"wp:featuredmedia":[{"embeddable":true,"href":"https:\/\/archive.sana.sy\/tr\/index.php?rest_route=\/wp\/v2\/media\/59950"}],"wp:attachment":[{"href":"https:\/\/archive.sana.sy\/tr\/index.php?rest_route=%2Fwp%2Fv2%2Fmedia&parent=59949"}],"wp:term":[{"taxonomy":"category","embeddable":true,"href":"https:\/\/archive.sana.sy\/tr\/index.php?rest_route=%2Fwp%2Fv2%2Fcategories&post=59949"},{"taxonomy":"post_tag","embeddable":true,"href":"https:\/\/archive.sana.sy\/tr\/index.php?rest_route=%2Fwp%2Fv2%2Ftags&post=59949"}],"curies":[{"name":"wp","href":"https:\/\/api.w.org\/{rel}","templated":true}]}}