{"id":59973,"date":"2016-02-02T20:23:02","date_gmt":"2016-02-02T18:23:02","guid":{"rendered":"http:\/\/www.sana.sy\/tr\/?p=59973"},"modified":"2016-02-02T20:21:06","modified_gmt":"2016-02-02T18:21:06","slug":"terorle-mucadelenin-cenevre-gorusmeleri-gundeminin-en-onemli-noktasi-olmasi-geregini-ifade-eden-gatilov-rusyanin-terorle-mucadelede-suriye-hukumetine-destegini-surdurecegini-belirtti","status":"publish","type":"post","link":"https:\/\/archive.sana.sy\/tr\/?p=59973","title":{"rendered":"Ter\u00f6rle m\u00fccadelenin Cenevre g\u00f6r\u00fc\u015fmeleri g\u00fcndeminin en \u00f6nemli noktas\u0131 olmas\u0131 gere\u011fini ifade eden Gatilov; Rusya&#8217;n\u0131n ter\u00f6rle m\u00fccadelede Suriye h\u00fck\u00fcmetine deste\u011fini s\u00fcrd\u00fcrece\u011fini belirtti"},"content":{"rendered":"<p>Ter\u00f6rle m\u00fccadelenin Cenevre g\u00f6r\u00fc\u015fmeleri g\u00fcndeminin en \u00f6nemli noktas\u0131 olmas\u0131 gere\u011fini ifade eden Gatilov; Rusya&#8217;n\u0131n ter\u00f6rle m\u00fccadelede Suriye h\u00fck\u00fcmetine deste\u011fini s\u00fcrd\u00fcrece\u011fini belirtti<\/p>\n","protected":false},"excerpt":{"rendered":"<p>Ter\u00f6rle m\u00fccadelenin Cenevre g\u00f6r\u00fc\u015fmeleri g\u00fcndeminin en \u00f6nemli noktas\u0131 olmas\u0131 gere\u011fini ifade eden Gatilov; Rusya&#8217;n\u0131n ter\u00f6rle m\u00fccadelede Suriye h\u00fck\u00fcmetine deste\u011fini s\u00fcrd\u00fcrece\u011fini belirtti<\/p>\n","protected":false},"author":1,"featured_media":0,"comment_status":"closed","ping_status":"closed","sticky":false,"template":"","format":"standard","meta":{"footnotes":""},"categories":[17991],"tags":[],"class_list":["post-59973","post","type-post","status-publish","format-standard","","category-son-dakika"],"_links":{"self":[{"href":"https:\/\/archive.sana.sy\/tr\/index.php?rest_route=\/wp\/v2\/posts\/59973","targetHints":{"allow":["GET"]}}],"collection":[{"href":"https:\/\/archive.sana.sy\/tr\/index.php?rest_route=\/wp\/v2\/posts"}],"about":[{"href":"https:\/\/archive.sana.sy\/tr\/index.php?rest_route=\/wp\/v2\/types\/post"}],"author":[{"embeddable":true,"href":"https:\/\/archive.sana.sy\/tr\/index.php?rest_route=\/wp\/v2\/users\/1"}],"replies":[{"embeddable":true,"href":"https:\/\/archive.sana.sy\/tr\/index.php?rest_route=%2Fwp%2Fv2%2Fcomments&post=59973"}],"version-history":[{"count":0,"href":"https:\/\/archive.sana.sy\/tr\/index.php?rest_route=\/wp\/v2\/posts\/59973\/revisions"}],"wp:attachment":[{"href":"https:\/\/archive.sana.sy\/tr\/index.php?rest_route=%2Fwp%2Fv2%2Fmedia&parent=59973"}],"wp:term":[{"taxonomy":"category","embeddable":true,"href":"https:\/\/archive.sana.sy\/tr\/index.php?rest_route=%2Fwp%2Fv2%2Fcategories&post=59973"},{"taxonomy":"post_tag","embeddable":true,"href":"https:\/\/archive.sana.sy\/tr\/index.php?rest_route=%2Fwp%2Fv2%2Ftags&post=59973"}],"curies":[{"name":"wp","href":"https:\/\/api.w.org\/{rel}","templated":true}]}}