{"id":59977,"date":"2016-02-02T20:31:21","date_gmt":"2016-02-02T18:31:21","guid":{"rendered":"http:\/\/www.sana.sy\/tr\/?p=59977"},"modified":"2016-02-02T20:28:43","modified_gmt":"2016-02-02T18:28:43","slug":"rusya-disisleri-bakani-yardimcisi-gatilov-suriye-muhalefetinin-cenevre-gorusmelerinde-kendisini-kimin-temsil-edecegini-kararlastirma-gucune-sahip-olmadigini-belirtirken-cenevre-goru","status":"publish","type":"post","link":"https:\/\/archive.sana.sy\/tr\/?p=59977","title":{"rendered":"Rusya D\u0131\u015fi\u015fleri Bakan\u0131 Yard\u0131mc\u0131s\u0131 Gatilov \u2018Suriye muhalefetinin\u2019 Cenevre g\u00f6r\u00fc\u015fmelerinde kendisini kimin temsil edece\u011fini kararla\u015ft\u0131rma g\u00fcc\u00fcne sahip olmad\u0131\u011f\u0131n\u0131 belirtirken, Cenevre g\u00f6r\u00fc\u015fmelerinde \u015fu an muhalefeti birle\u015ftirme meselesinin g\u00fcndem olmad\u0131\u011f\u0131n\u0131 s\u00f6yledi\u200f"},"content":{"rendered":"<p>Rusya D\u0131\u015fi\u015fleri Bakan\u0131 Yard\u0131mc\u0131s\u0131 Gatilov \u2018Suriye muhalefetinin\u2019 Cenevre g\u00f6r\u00fc\u015fmelerinde kendisini kimin temsil edece\u011fini kararla\u015ft\u0131rma g\u00fcc\u00fcne sahip olmad\u0131\u011f\u0131n\u0131 belirtirken, Cenevre g\u00f6r\u00fc\u015fmelerinde \u015fu an muhalefeti birle\u015ftirme meselesinin g\u00fcndem olmad\u0131\u011f\u0131n\u0131 s\u00f6yledi\u200f<\/p>\n","protected":false},"excerpt":{"rendered":"<p>Rusya D\u0131\u015fi\u015fleri Bakan\u0131 Yard\u0131mc\u0131s\u0131 Gatilov \u2018Suriye muhalefetinin\u2019 Cenevre g\u00f6r\u00fc\u015fmelerinde kendisini kimin temsil edece\u011fini kararla\u015ft\u0131rma g\u00fcc\u00fcne sahip olmad\u0131\u011f\u0131n\u0131 belirtirken, Cenevre g\u00f6r\u00fc\u015fmelerinde \u015fu an muhalefeti birle\u015ftirme meselesinin g\u00fcndem olmad\u0131\u011f\u0131n\u0131 s\u00f6yledi\u200f<\/p>\n","protected":false},"author":1,"featured_media":0,"comment_status":"closed","ping_status":"closed","sticky":false,"template":"","format":"standard","meta":{"footnotes":""},"categories":[17991],"tags":[],"class_list":["post-59977","post","type-post","status-publish","format-standard","","category-son-dakika"],"_links":{"self":[{"href":"https:\/\/archive.sana.sy\/tr\/index.php?rest_route=\/wp\/v2\/posts\/59977","targetHints":{"allow":["GET"]}}],"collection":[{"href":"https:\/\/archive.sana.sy\/tr\/index.php?rest_route=\/wp\/v2\/posts"}],"about":[{"href":"https:\/\/archive.sana.sy\/tr\/index.php?rest_route=\/wp\/v2\/types\/post"}],"author":[{"embeddable":true,"href":"https:\/\/archive.sana.sy\/tr\/index.php?rest_route=\/wp\/v2\/users\/1"}],"replies":[{"embeddable":true,"href":"https:\/\/archive.sana.sy\/tr\/index.php?rest_route=%2Fwp%2Fv2%2Fcomments&post=59977"}],"version-history":[{"count":0,"href":"https:\/\/archive.sana.sy\/tr\/index.php?rest_route=\/wp\/v2\/posts\/59977\/revisions"}],"wp:attachment":[{"href":"https:\/\/archive.sana.sy\/tr\/index.php?rest_route=%2Fwp%2Fv2%2Fmedia&parent=59977"}],"wp:term":[{"taxonomy":"category","embeddable":true,"href":"https:\/\/archive.sana.sy\/tr\/index.php?rest_route=%2Fwp%2Fv2%2Fcategories&post=59977"},{"taxonomy":"post_tag","embeddable":true,"href":"https:\/\/archive.sana.sy\/tr\/index.php?rest_route=%2Fwp%2Fv2%2Ftags&post=59977"}],"curies":[{"name":"wp","href":"https:\/\/api.w.org\/{rel}","templated":true}]}}