{"id":59983,"date":"2016-02-02T21:13:55","date_gmt":"2016-02-02T19:13:55","guid":{"rendered":"http:\/\/www.sana.sy\/tr\/?p=59983"},"modified":"2016-02-02T21:13:55","modified_gmt":"2016-02-02T19:13:55","slug":"cinin-cenevrede-bm-temsilcisi-yaptigi-basin-aciklamasinda-ulkesinin-suriyenin-bir-dostu-olarak-cenevrede-suriyeliler-arasindaki-diyalog-gorusmelerinin-basarili-olmasi-icin-caba-harcay","status":"publish","type":"post","link":"https:\/\/archive.sana.sy\/tr\/?p=59983","title":{"rendered":"\u00c7in\u2019in Cenevre&#8217;de BM temsilcisi yapt\u0131\u011f\u0131 bas\u0131n a\u00e7\u0131klamas\u0131nda; \u00fclkesinin Suriye&#8217;nin bir dostu olarak, Cenevre&#8217;de Suriyeliler aras\u0131ndaki diyalog g\u00f6r\u00fc\u015fmelerinin ba\u015far\u0131l\u0131 olmas\u0131 i\u00e7in \u00e7aba harcayaca\u011f\u0131n\u0131 belirtti"},"content":{"rendered":"<p>\u00c7in\u2019in Cenevre&#8217;de BM temsilcisi yapt\u0131\u011f\u0131 bas\u0131n a\u00e7\u0131klamas\u0131nda; \u00fclkesinin Suriye&#8217;nin bir dostu olarak, Cenevre&#8217;de Suriyeliler aras\u0131ndaki diyalog g\u00f6r\u00fc\u015fmelerinin ba\u015far\u0131l\u0131 olmas\u0131 i\u00e7in \u00e7aba harcayaca\u011f\u0131n\u0131 belirtti<\/p>\n","protected":false},"excerpt":{"rendered":"<p>\u00c7in\u2019in Cenevre&#8217;de BM temsilcisi yapt\u0131\u011f\u0131 bas\u0131n a\u00e7\u0131klamas\u0131nda; \u00fclkesinin Suriye&#8217;nin bir dostu olarak, Cenevre&#8217;de Suriyeliler aras\u0131ndaki diyalog g\u00f6r\u00fc\u015fmelerinin ba\u015far\u0131l\u0131 olmas\u0131 i\u00e7in \u00e7aba harcayaca\u011f\u0131n\u0131 belirtti<\/p>\n","protected":false},"author":1,"featured_media":0,"comment_status":"closed","ping_status":"closed","sticky":false,"template":"","format":"standard","meta":{"footnotes":""},"categories":[17991],"tags":[],"class_list":["post-59983","post","type-post","status-publish","format-standard","","category-son-dakika"],"_links":{"self":[{"href":"https:\/\/archive.sana.sy\/tr\/index.php?rest_route=\/wp\/v2\/posts\/59983","targetHints":{"allow":["GET"]}}],"collection":[{"href":"https:\/\/archive.sana.sy\/tr\/index.php?rest_route=\/wp\/v2\/posts"}],"about":[{"href":"https:\/\/archive.sana.sy\/tr\/index.php?rest_route=\/wp\/v2\/types\/post"}],"author":[{"embeddable":true,"href":"https:\/\/archive.sana.sy\/tr\/index.php?rest_route=\/wp\/v2\/users\/1"}],"replies":[{"embeddable":true,"href":"https:\/\/archive.sana.sy\/tr\/index.php?rest_route=%2Fwp%2Fv2%2Fcomments&post=59983"}],"version-history":[{"count":0,"href":"https:\/\/archive.sana.sy\/tr\/index.php?rest_route=\/wp\/v2\/posts\/59983\/revisions"}],"wp:attachment":[{"href":"https:\/\/archive.sana.sy\/tr\/index.php?rest_route=%2Fwp%2Fv2%2Fmedia&parent=59983"}],"wp:term":[{"taxonomy":"category","embeddable":true,"href":"https:\/\/archive.sana.sy\/tr\/index.php?rest_route=%2Fwp%2Fv2%2Fcategories&post=59983"},{"taxonomy":"post_tag","embeddable":true,"href":"https:\/\/archive.sana.sy\/tr\/index.php?rest_route=%2Fwp%2Fv2%2Ftags&post=59983"}],"curies":[{"name":"wp","href":"https:\/\/api.w.org\/{rel}","templated":true}]}}