{"id":59985,"date":"2016-02-02T15:04:51","date_gmt":"2016-02-02T13:04:51","guid":{"rendered":"http:\/\/www.sana.sy\/tr\/?p=59985"},"modified":"2016-02-03T18:09:12","modified_gmt":"2016-02-03T16:09:12","slug":"cin-gorusmelerin-basarili-olmasi-icin-her-gayreti-gosterecek","status":"publish","type":"post","link":"https:\/\/archive.sana.sy\/tr\/?p=59985","title":{"rendered":"\u00c7in G\u00f6r\u00fc\u015fmelerin Ba\u015far\u0131l\u0131 Olmas\u0131 \u0130\u00e7in Her Gayreti G\u00f6sterecek (video)"},"content":{"rendered":"<p>CENEVRE \u2013 \u00c7in\u2019in Cenevre&#8217;deki BM temsilcisi Wu Hailong yapt\u0131\u011f\u0131 bas\u0131n a\u00e7\u0131klamas\u0131nda; \u00fclkesinin Suriye&#8217;nin bir dostu olarak, Cenevre&#8217;de Suriyeliler aras\u0131ndaki diyalog g\u00f6r\u00fc\u015fmelerinin ba\u015far\u0131l\u0131 olmas\u0131 i\u00e7in elinden gelen her gayreti g\u00f6sterece\u011fini belirtti.<\/p>\n<p>\u00c7inli temsilci bug\u00fcn yapt\u0131\u011f\u0131 bas\u0131n a\u00e7\u0131klamas\u0131nda; Suriyeliler aras\u0131ndaki g\u00f6r\u00fc\u015fmelerin ba\u015flamas\u0131ndan memnuniyetini ifade etti. T\u00fcm taraflar\u0131n gerekli esnekli\u011fi g\u00f6stermesi temennisinde bulunan \u00c7inli temsilci; Suriye halk\u0131n\u0131n bu g\u00f6r\u00fc\u015fmelerin ba\u015far\u0131l\u0131 olmas\u0131 ve somut sonu\u00e7lar elde edilmesini istedi\u011fine dikkat \u00e7ekti.<\/p>\n<p>Suriye Arap Cumhuriyetinin Cenevre g\u00f6r\u00fc\u015fmelerindeki heyetinin ba\u015fkan\u0131 Be\u015f\u015far el Caferi bug\u00fcn BM Suriye \u00f6zel temsilcisi Staffan de Mistura ile bug\u00fcn BM binas\u0131nda yap\u0131lan toplant\u0131 ard\u0131ndan bas\u0131n a\u00e7\u0131klamas\u0131 yapm\u0131\u015ft\u0131. Caferi bas\u0131n a\u00e7\u0131klamas\u0131nda Suriye Arap Cumhuriyeti heyetinin Suriyeliler ars\u0131nda diyalog g\u00f6r\u00fc\u015fmelerinin ba\u015flamas\u0131 i\u00e7in Cenevre\u2019ye hi\u00e7bir \u00f6nko\u015ful \u00f6ne s\u00fcrmeden geldi\u011fini ve bu g\u00f6r\u00fc\u015fmelerde hi\u00e7 kimsenin \u00f6nko\u015ful \u00f6ne s\u00fcrmesini kabul etmeyece\u011fini vurgulam\u0131\u015ft\u0131.<\/p>\n<p>https:\/\/www.youtube.com\/watch?v=51wAetJdDcI<\/p>\n<p>R.H.<\/p>\n","protected":false},"excerpt":{"rendered":"<p>CENEVRE \u2013 \u00c7in\u2019in Cenevre&#8217;deki BM temsilcisi Wu Hailong yapt\u0131\u011f\u0131 bas\u0131n a\u00e7\u0131klamas\u0131nda; \u00fclkesinin Suriye&#8217;nin bir dostu olarak, Cenevre&#8217;de Suriyeliler aras\u0131ndaki diyalog g\u00f6r\u00fc\u015fmelerinin ba\u015far\u0131l\u0131 olmas\u0131 i\u00e7in elinden gelen her gayreti g\u00f6sterece\u011fini belirtti. \u00c7inli temsilci bug\u00fcn yapt\u0131\u011f\u0131 bas\u0131n a\u00e7\u0131klamas\u0131nda; Suriyeliler aras\u0131ndaki g\u00f6r\u00fc\u015fmelerin ba\u015flamas\u0131ndan memnuniyetini ifade etti. T\u00fcm taraflar\u0131n gerekli esnekli\u011fi g\u00f6stermesi temennisinde bulunan \u00c7inli temsilci; Suriye halk\u0131n\u0131n bu &hellip;<\/p>\n","protected":false},"author":1,"featured_media":59986,"comment_status":"closed","ping_status":"closed","sticky":false,"template":"","format":"standard","meta":{"footnotes":""},"categories":[458,459,17988],"tags":[18968],"class_list":["post-59985","post","type-post","status-publish","format-standard","has-post-thumbnail","","category-dunya1","category-haberler-arap-uluslararasi-politika","category-son-haberler","tag-cin-gorusmelerin-basarili-olmasi-icin-her-gayreti-gosterecek"],"_links":{"self":[{"href":"https:\/\/archive.sana.sy\/tr\/index.php?rest_route=\/wp\/v2\/posts\/59985","targetHints":{"allow":["GET"]}}],"collection":[{"href":"https:\/\/archive.sana.sy\/tr\/index.php?rest_route=\/wp\/v2\/posts"}],"about":[{"href":"https:\/\/archive.sana.sy\/tr\/index.php?rest_route=\/wp\/v2\/types\/post"}],"author":[{"embeddable":true,"href":"https:\/\/archive.sana.sy\/tr\/index.php?rest_route=\/wp\/v2\/users\/1"}],"replies":[{"embeddable":true,"href":"https:\/\/archive.sana.sy\/tr\/index.php?rest_route=%2Fwp%2Fv2%2Fcomments&post=59985"}],"version-history":[{"count":0,"href":"https:\/\/archive.sana.sy\/tr\/index.php?rest_route=\/wp\/v2\/posts\/59985\/revisions"}],"wp:featuredmedia":[{"embeddable":true,"href":"https:\/\/archive.sana.sy\/tr\/index.php?rest_route=\/wp\/v2\/media\/59986"}],"wp:attachment":[{"href":"https:\/\/archive.sana.sy\/tr\/index.php?rest_route=%2Fwp%2Fv2%2Fmedia&parent=59985"}],"wp:term":[{"taxonomy":"category","embeddable":true,"href":"https:\/\/archive.sana.sy\/tr\/index.php?rest_route=%2Fwp%2Fv2%2Fcategories&post=59985"},{"taxonomy":"post_tag","embeddable":true,"href":"https:\/\/archive.sana.sy\/tr\/index.php?rest_route=%2Fwp%2Fv2%2Ftags&post=59985"}],"curies":[{"name":"wp","href":"https:\/\/api.w.org\/{rel}","templated":true}]}}