{"id":60002,"date":"2016-02-03T10:47:00","date_gmt":"2016-02-03T08:47:00","guid":{"rendered":"http:\/\/www.sana.sy\/tr\/?p=60002"},"modified":"2016-02-03T10:47:00","modified_gmt":"2016-02-03T08:47:00","slug":"halaki-onumuzdeki-surec-politikalarinin-belirlenmesinde-hukumetin-en-onemli-ortagi-vatandaslardir","status":"publish","type":"post","link":"https:\/\/archive.sana.sy\/tr\/?p=60002","title":{"rendered":"Halaki: \u00d6n\u00fcm\u00fczdeki S\u00fcre\u00e7 Politikalar\u0131n\u0131n Belirlenmesinde H\u00fck\u00fcmetin En \u00d6nemli Orta\u011f\u0131 Vatanda\u015flard\u0131r"},"content":{"rendered":"<p>\u015eAM \u2013 Bakanlar Kurulu d\u00fcn Ba\u015fbakan Vail el Halaki Ba\u015fkanl\u0131\u011f\u0131nda d\u00fczenledi\u011fi haftal\u0131k ola\u011fan toplant\u0131s\u0131nda \u015eam, S\u00fcveyda, Halep ve Hama illeri ba\u015fta olmak \u00fczere bir\u00e7ok ilde g\u00f6r\u00fclen i\u00e7me suyu ihtiyac\u0131n\u0131 kar\u015f\u0131lama ve vatanda\u015flar\u0131n g\u00fcnl\u00fck ya\u015famlar\u0131n\u0131 zorla\u015ft\u0131ran sorunlar\u0131n \u00e7\u00f6z\u00fcm y\u00f6ntemlerini inceledi.<\/p>\n<p>Ba\u015fbakan Vail el Halaki, H\u00fck\u00fcmetin \u00f6n\u00fcm\u00fczdeki s\u00fcre\u00e7le ilgili ekonomi ve hizmet politikas\u0131 belirlemek amac\u0131yla Suriye toplumunun b\u00fct\u00fcn kesimleriyle ileti\u015fimini s\u00fcrd\u00fcrd\u00fc\u011f\u00fcne dikkat \u00e7ekerek \u00fclkenin maruz kald\u0131\u011f\u0131 uluslararas\u0131 destekli ter\u00f6r sava\u015f\u0131n\u0131n g\u00f6lgesinde vatanda\u015flar\u0131n b\u00fct\u00fcn ihtiya\u00e7lar\u0131n\u0131n kar\u015f\u0131lanmas\u0131 ve direni\u015f kaynaklar\u0131n\u0131n g\u00fc\u00e7lendirilmesinin h\u00fck\u00fcmet i\u00e7in b\u00fcy\u00fck bir \u00f6nem ta\u015f\u0131d\u0131\u011f\u0131n\u0131 belirtti.<\/p>\n<p>Ter\u00f6re kar\u015f\u0131 m\u00fccadele ve \u00f6n\u00fcm\u00fczdeki s\u00fcre\u00e7le ilgili politikalar\u0131n belirlenmesinde h\u00fck\u00fcmetin en \u00f6nemli orta\u011f\u0131n\u0131n vatanda\u015flar oldu\u011funa i\u015faret eden Halaki, bu ortakl\u0131k ili\u015fkisinin, vatanda\u015flar\u0131n sorunlar\u0131na yabanc\u0131 temsilcilerden ve b\u00fcrokrasiden uzak bir \u015fekilde s\u00fcrd\u00fcr\u00fclmesinin \u00f6nemini vurgulad\u0131.<\/p>\n<p>Yerelde ya\u015fanan sorunlar ve \u00e7\u00f6z\u00fcm a\u015famalar\u0131na ili\u015fkin yapt\u0131\u011f\u0131 konu\u015fman\u0131n ard\u0131ndan Cenevre\u2019de s\u00fcren Suriyeli-Suriyeli Diyalog faaliyetlerine de\u011finen Halaki, Suriye Arap Cumhuriyeti Heyetinin, d\u0131\u015f g\u00fc\u00e7lerden telkin almakta olan ve par\u00e7alanm\u0131\u015fl\u0131klar\u0131yla diyalog s\u00fcrecini engellemeye \u00e7al\u0131\u015fan muhalefet gruplar\u0131 kar\u015f\u0131s\u0131nda Suriye halk\u0131n\u0131n \u00e7\u0131karlar\u0131n\u0131 ve hedeflerini savunmak amac\u0131yla Cenevre\u2019de g\u00f6r\u00fc\u015fmeler i\u00e7in haz\u0131r bulundu\u011funu ifade etti.<\/p>\n<div id='gallery-1' class='gallery galleryid-60002 gallery-columns-2 gallery-size-medium'><figure class='gallery-item'>\n\t\t\t<div class='gallery-icon landscape'>\n\t\t\t\t<a href='https:\/\/archive.sana.sy\/tr\/wp-content\/uploads\/2016\/02\/halaki-2.jpg'><img loading=\"lazy\" decoding=\"async\" width=\"300\" height=\"168\" src=\"https:\/\/archive.sana.sy\/tr\/wp-content\/uploads\/2016\/02\/halaki-2-300x168.jpg\" class=\"attachment-medium size-medium\" alt=\"\" srcset=\"https:\/\/archive.sana.sy\/tr\/wp-content\/uploads\/2016\/02\/halaki-2-300x168.jpg 300w, https:\/\/archive.sana.sy\/tr\/wp-content\/uploads\/2016\/02\/halaki-2-150x84.jpg 150w, https:\/\/archive.sana.sy\/tr\/wp-content\/uploads\/2016\/02\/halaki-2.jpg 660w\" sizes=\"auto, (max-width: 300px) 100vw, 300px\" \/><\/a>\n\t\t\t<\/div><\/figure><figure class='gallery-item'>\n\t\t\t<div class='gallery-icon landscape'>\n\t\t\t\t<a href='https:\/\/archive.sana.sy\/tr\/wp-content\/uploads\/2016\/02\/halaki-3.jpg'><img loading=\"lazy\" decoding=\"async\" width=\"300\" height=\"168\" src=\"https:\/\/archive.sana.sy\/tr\/wp-content\/uploads\/2016\/02\/halaki-3-300x168.jpg\" class=\"attachment-medium size-medium\" alt=\"\" srcset=\"https:\/\/archive.sana.sy\/tr\/wp-content\/uploads\/2016\/02\/halaki-3-300x168.jpg 300w, https:\/\/archive.sana.sy\/tr\/wp-content\/uploads\/2016\/02\/halaki-3-150x84.jpg 150w, https:\/\/archive.sana.sy\/tr\/wp-content\/uploads\/2016\/02\/halaki-3.jpg 660w\" sizes=\"auto, (max-width: 300px) 100vw, 300px\" \/><\/a>\n\t\t\t<\/div><\/figure><figure class='gallery-item'>\n\t\t\t<div class='gallery-icon landscape'>\n\t\t\t\t<a href='https:\/\/archive.sana.sy\/tr\/wp-content\/uploads\/2016\/02\/halaki-4.jpg'><img loading=\"lazy\" decoding=\"async\" width=\"300\" height=\"168\" src=\"https:\/\/archive.sana.sy\/tr\/wp-content\/uploads\/2016\/02\/halaki-4-300x168.jpg\" class=\"attachment-medium size-medium\" alt=\"\" srcset=\"https:\/\/archive.sana.sy\/tr\/wp-content\/uploads\/2016\/02\/halaki-4-300x168.jpg 300w, https:\/\/archive.sana.sy\/tr\/wp-content\/uploads\/2016\/02\/halaki-4-150x84.jpg 150w, https:\/\/archive.sana.sy\/tr\/wp-content\/uploads\/2016\/02\/halaki-4.jpg 660w\" sizes=\"auto, (max-width: 300px) 100vw, 300px\" \/><\/a>\n\t\t\t<\/div><\/figure><figure class='gallery-item'>\n\t\t\t<div class='gallery-icon landscape'>\n\t\t\t\t<a href='https:\/\/archive.sana.sy\/tr\/wp-content\/uploads\/2016\/02\/halaki-5.jpg'><img loading=\"lazy\" decoding=\"async\" width=\"300\" height=\"168\" src=\"https:\/\/archive.sana.sy\/tr\/wp-content\/uploads\/2016\/02\/halaki-5-300x168.jpg\" class=\"attachment-medium size-medium\" alt=\"\" srcset=\"https:\/\/archive.sana.sy\/tr\/wp-content\/uploads\/2016\/02\/halaki-5-300x168.jpg 300w, https:\/\/archive.sana.sy\/tr\/wp-content\/uploads\/2016\/02\/halaki-5-150x84.jpg 150w, https:\/\/archive.sana.sy\/tr\/wp-content\/uploads\/2016\/02\/halaki-5.jpg 660w\" sizes=\"auto, (max-width: 300px) 100vw, 300px\" \/><\/a>\n\t\t\t<\/div><\/figure>\n\t\t<\/div>\n\n<p>F.B. &#8211; R.H.<\/p>\n","protected":false},"excerpt":{"rendered":"<p>\u015eAM \u2013 Bakanlar Kurulu d\u00fcn Ba\u015fbakan Vail el Halaki Ba\u015fkanl\u0131\u011f\u0131nda d\u00fczenledi\u011fi haftal\u0131k ola\u011fan toplant\u0131s\u0131nda \u015eam, S\u00fcveyda, Halep ve Hama illeri ba\u015fta olmak \u00fczere bir\u00e7ok ilde g\u00f6r\u00fclen i\u00e7me suyu ihtiyac\u0131n\u0131 kar\u015f\u0131lama ve vatanda\u015flar\u0131n g\u00fcnl\u00fck ya\u015famlar\u0131n\u0131 zorla\u015ft\u0131ran sorunlar\u0131n \u00e7\u00f6z\u00fcm y\u00f6ntemlerini inceledi. Ba\u015fbakan Vail el Halaki, H\u00fck\u00fcmetin \u00f6n\u00fcm\u00fczdeki s\u00fcre\u00e7le ilgili ekonomi ve hizmet politikas\u0131 belirlemek amac\u0131yla Suriye toplumunun &hellip;<\/p>\n","protected":false},"author":1,"featured_media":60003,"comment_status":"closed","ping_status":"closed","sticky":false,"template":"","format":"standard","meta":{"footnotes":""},"categories":[479,17988,478],"tags":[18969],"class_list":["post-60002","post","type-post","status-publish","format-standard","has-post-thumbnail","","category-haberler-yerel","category-son-haberler","category-yerel","tag-bakanlar-kurulu-dun-basbakan-vail-el-halaki-baskanliginda"],"_links":{"self":[{"href":"https:\/\/archive.sana.sy\/tr\/index.php?rest_route=\/wp\/v2\/posts\/60002","targetHints":{"allow":["GET"]}}],"collection":[{"href":"https:\/\/archive.sana.sy\/tr\/index.php?rest_route=\/wp\/v2\/posts"}],"about":[{"href":"https:\/\/archive.sana.sy\/tr\/index.php?rest_route=\/wp\/v2\/types\/post"}],"author":[{"embeddable":true,"href":"https:\/\/archive.sana.sy\/tr\/index.php?rest_route=\/wp\/v2\/users\/1"}],"replies":[{"embeddable":true,"href":"https:\/\/archive.sana.sy\/tr\/index.php?rest_route=%2Fwp%2Fv2%2Fcomments&post=60002"}],"version-history":[{"count":0,"href":"https:\/\/archive.sana.sy\/tr\/index.php?rest_route=\/wp\/v2\/posts\/60002\/revisions"}],"wp:featuredmedia":[{"embeddable":true,"href":"https:\/\/archive.sana.sy\/tr\/index.php?rest_route=\/wp\/v2\/media\/60003"}],"wp:attachment":[{"href":"https:\/\/archive.sana.sy\/tr\/index.php?rest_route=%2Fwp%2Fv2%2Fmedia&parent=60002"}],"wp:term":[{"taxonomy":"category","embeddable":true,"href":"https:\/\/archive.sana.sy\/tr\/index.php?rest_route=%2Fwp%2Fv2%2Fcategories&post=60002"},{"taxonomy":"post_tag","embeddable":true,"href":"https:\/\/archive.sana.sy\/tr\/index.php?rest_route=%2Fwp%2Fv2%2Ftags&post=60002"}],"curies":[{"name":"wp","href":"https:\/\/api.w.org\/{rel}","templated":true}]}}