{"id":60014,"date":"2016-02-03T12:29:31","date_gmt":"2016-02-03T10:29:31","guid":{"rendered":"http:\/\/www.sana.sy\/tr\/?p=60014"},"modified":"2016-02-08T15:59:01","modified_gmt":"2016-02-08T13:59:01","slug":"cenevrede-bir-dizi-temasta-bulundu","status":"publish","type":"post","link":"https:\/\/archive.sana.sy\/tr\/?p=60014","title":{"rendered":"Cenevre\u2019de Bir Dizi Temasta Bulundu"},"content":{"rendered":"<p>CENEVRE \u2013 Rusya D\u0131\u015fi\u015fleri Bakan\u0131 Yard\u0131mc\u0131s\u0131 Gennady Gatilov d\u00fcn Cenevre&#8217;de Suriye Arap Cumhuriyeti heyeti ba\u015fkan\u0131 Be\u015f\u015far el Caferi ve Laik Demokratik Suriye muhalefeti heyeti temsilcilerinin yan\u0131 s\u0131ra \u00c7in\u2019in BM\u2019deki daimi temsilcisinin yard\u0131mc\u0131s\u0131 ile bir dizi temasta bulundu.<\/p>\n<p>Rusya D\u0131\u015fi\u015fleri Bakanl\u0131\u011f\u0131 bug\u00fcn yay\u0131nlad\u0131\u011f\u0131 bas\u0131n bildirisinde Gatilov\u2019un g\u00f6r\u00fc\u015fmelerinde Cenevre&#8217;de Suriyeliler aras\u0131nda yap\u0131lan dolayl\u0131 diyalog g\u00f6r\u00fc\u015fmelerinin g\u00fcndem, i\u00e7erik ve organizasyonuna odakland\u0131\u011f\u0131n\u0131 belirtti.<\/p>\n<p>Gatilov\u2019un ayn\u0131 zamanda Suriye muhalefetinin kapsaml\u0131 ve ciddi bir \u015fekilde temsil edilmesinin garantilenmesi gere\u011fine dikkat \u00e7ekilen bildiride; BM G\u00fcvenlik Konseyinin 2254 say\u0131l\u0131 karar\u0131n\u0131n t\u00fcm bentlerinin tam olarak yerine getirilmesi \u00f6nemine dikkat \u00e7ekildi\u011fi kaydedildi.<\/p>\n<p>R.H.<\/p>\n","protected":false},"excerpt":{"rendered":"<p>CENEVRE \u2013 Rusya D\u0131\u015fi\u015fleri Bakan\u0131 Yard\u0131mc\u0131s\u0131 Gennady Gatilov d\u00fcn Cenevre&#8217;de Suriye Arap Cumhuriyeti heyeti ba\u015fkan\u0131 Be\u015f\u015far el Caferi ve Laik Demokratik Suriye muhalefeti heyeti temsilcilerinin yan\u0131 s\u0131ra \u00c7in\u2019in BM\u2019deki daimi temsilcisinin yard\u0131mc\u0131s\u0131 ile bir dizi temasta bulundu. Rusya D\u0131\u015fi\u015fleri Bakanl\u0131\u011f\u0131 bug\u00fcn yay\u0131nlad\u0131\u011f\u0131 bas\u0131n bildirisinde Gatilov\u2019un g\u00f6r\u00fc\u015fmelerinde Cenevre&#8217;de Suriyeliler aras\u0131nda yap\u0131lan dolayl\u0131 diyalog g\u00f6r\u00fc\u015fmelerinin g\u00fcndem, i\u00e7erik &hellip;<\/p>\n","protected":false},"author":1,"featured_media":60015,"comment_status":"closed","ping_status":"closed","sticky":false,"template":"","format":"standard","meta":{"footnotes":""},"categories":[458,459,17988],"tags":[16858],"class_list":["post-60014","post","type-post","status-publish","format-standard","has-post-thumbnail","","category-dunya1","category-haberler-arap-uluslararasi-politika","category-son-haberler","tag-rusya-disisleri-bakani-yardimcisi-gennady-gatilov"],"_links":{"self":[{"href":"https:\/\/archive.sana.sy\/tr\/index.php?rest_route=\/wp\/v2\/posts\/60014","targetHints":{"allow":["GET"]}}],"collection":[{"href":"https:\/\/archive.sana.sy\/tr\/index.php?rest_route=\/wp\/v2\/posts"}],"about":[{"href":"https:\/\/archive.sana.sy\/tr\/index.php?rest_route=\/wp\/v2\/types\/post"}],"author":[{"embeddable":true,"href":"https:\/\/archive.sana.sy\/tr\/index.php?rest_route=\/wp\/v2\/users\/1"}],"replies":[{"embeddable":true,"href":"https:\/\/archive.sana.sy\/tr\/index.php?rest_route=%2Fwp%2Fv2%2Fcomments&post=60014"}],"version-history":[{"count":0,"href":"https:\/\/archive.sana.sy\/tr\/index.php?rest_route=\/wp\/v2\/posts\/60014\/revisions"}],"wp:featuredmedia":[{"embeddable":true,"href":"https:\/\/archive.sana.sy\/tr\/index.php?rest_route=\/wp\/v2\/media\/60015"}],"wp:attachment":[{"href":"https:\/\/archive.sana.sy\/tr\/index.php?rest_route=%2Fwp%2Fv2%2Fmedia&parent=60014"}],"wp:term":[{"taxonomy":"category","embeddable":true,"href":"https:\/\/archive.sana.sy\/tr\/index.php?rest_route=%2Fwp%2Fv2%2Fcategories&post=60014"},{"taxonomy":"post_tag","embeddable":true,"href":"https:\/\/archive.sana.sy\/tr\/index.php?rest_route=%2Fwp%2Fv2%2Ftags&post=60014"}],"curies":[{"name":"wp","href":"https:\/\/api.w.org\/{rel}","templated":true}]}}