{"id":6002,"date":"2014-07-27T19:03:16","date_gmt":"2014-07-27T16:03:16","guid":{"rendered":"http:\/\/www.sana.sy\/tr\/?p=6002"},"modified":"2014-07-27T19:03:16","modified_gmt":"2014-07-27T16:03:16","slug":"yargi-komisyonu-el-hattab-katliamina-iliskin-raporunu-yayinladi","status":"publish","type":"post","link":"https:\/\/archive.sana.sy\/tr\/?p=6002","title":{"rendered":"Yarg\u0131 Komisyonu El Hattab Katliam\u0131na \u0130li\u015fkin Raporunu Yay\u0131nlad\u0131"},"content":{"rendered":"<p>\u015eAM \u2013 Silahl\u0131 ter\u00f6r gruplar\u0131n\u0131n, Hama\u2019n\u0131n el Hattab K\u00f6y\u00fcnde i\u015fledikleri katliamla ilgili soru\u015fturmayla ilgili Adalet Bakanl\u0131\u011f\u0131n\u0131n 9 Temmuz 2014 tarihinde 2617 nolu kararla olu\u015fturdu\u011fu yarg\u0131 komisyonu g\u00f6revini tamamlad\u0131ktan sonra bug\u00fcn olayla ilgili raporunu yay\u0131nlad\u0131.<\/p>\n<p>Raporda 8.07.2014 gecesi k\u00f6ye ara\u00e7 ve motosikletlerle giren yakla\u015f\u0131k 200 ter\u00f6ristten olu\u015fan silahl\u0131 ter\u00f6r gruplar\u0131n\u0131n; elektrikleri kestikten sonra etrafa ate\u015f etmeye ba\u015flad\u0131klar\u0131n\u0131 ifade eden komisyon; etrafa korku sa\u00e7an ter\u00f6ristlerin k\u00f6y sakinlerinden 8\u2019i kad\u0131n toplam 14 ki\u015fiyi rehin olarak al\u0131p k\u00f6y meydan\u0131nda kimini ate\u015f ederek kimini de ba\u015f\u0131n\u0131 keserek katletti\u011fini belirtti.<\/p>\n<p>Raporda; yap\u0131lan soru\u015fturma sonucunda ve katledilen vatanda\u015flar\u0131n cesetleri \u00fczerinde ve olay yerinde yap\u0131lan incelemelerin yan\u0131 s\u0131ra g\u00f6rg\u00fc tan\u0131klar\u0131n\u0131n verdi\u011fi ifadelerden k\u00f6y sakinlerinden 6 ki\u015finin ter\u00f6ristlerle birlikte katliam su\u00e7una kat\u0131lm\u0131\u015f olduklar\u0131n\u0131n anla\u015f\u0131ld\u0131\u011f\u0131na dikkat \u00e7ekildi.<\/p>\n","protected":false},"excerpt":{"rendered":"<p>\u015eAM \u2013 Silahl\u0131 ter\u00f6r gruplar\u0131n\u0131n, Hama\u2019n\u0131n el Hattab K\u00f6y\u00fcnde i\u015fledikleri katliamla ilgili soru\u015fturmayla ilgili Adalet Bakanl\u0131\u011f\u0131n\u0131n 9 Temmuz 2014 tarihinde 2617 nolu kararla olu\u015fturdu\u011fu yarg\u0131 komisyonu g\u00f6revini tamamlad\u0131ktan sonra bug\u00fcn olayla ilgili raporunu yay\u0131nlad\u0131. Raporda 8.07.2014 gecesi k\u00f6ye ara\u00e7 ve motosikletlerle giren yakla\u015f\u0131k 200 ter\u00f6ristten olu\u015fan silahl\u0131 ter\u00f6r gruplar\u0131n\u0131n; elektrikleri kestikten sonra etrafa ate\u015f etmeye &hellip;<\/p>\n","protected":false},"author":1,"featured_media":6004,"comment_status":"closed","ping_status":"closed","sticky":false,"template":"","format":"standard","meta":{"footnotes":""},"categories":[479,575,447,478],"tags":[1327],"class_list":["post-6002","post","type-post","status-publish","format-standard","has-post-thumbnail","","category-haberler-yerel","category-olaylar-ve-gercekler","category-politika","category-yerel","tag-yargi-komisyonu-el-hattab-katliamina-iliskin-raporunu-yayinladi"],"_links":{"self":[{"href":"https:\/\/archive.sana.sy\/tr\/index.php?rest_route=\/wp\/v2\/posts\/6002","targetHints":{"allow":["GET"]}}],"collection":[{"href":"https:\/\/archive.sana.sy\/tr\/index.php?rest_route=\/wp\/v2\/posts"}],"about":[{"href":"https:\/\/archive.sana.sy\/tr\/index.php?rest_route=\/wp\/v2\/types\/post"}],"author":[{"embeddable":true,"href":"https:\/\/archive.sana.sy\/tr\/index.php?rest_route=\/wp\/v2\/users\/1"}],"replies":[{"embeddable":true,"href":"https:\/\/archive.sana.sy\/tr\/index.php?rest_route=%2Fwp%2Fv2%2Fcomments&post=6002"}],"version-history":[{"count":0,"href":"https:\/\/archive.sana.sy\/tr\/index.php?rest_route=\/wp\/v2\/posts\/6002\/revisions"}],"wp:featuredmedia":[{"embeddable":true,"href":"https:\/\/archive.sana.sy\/tr\/index.php?rest_route=\/wp\/v2\/media\/6004"}],"wp:attachment":[{"href":"https:\/\/archive.sana.sy\/tr\/index.php?rest_route=%2Fwp%2Fv2%2Fmedia&parent=6002"}],"wp:term":[{"taxonomy":"category","embeddable":true,"href":"https:\/\/archive.sana.sy\/tr\/index.php?rest_route=%2Fwp%2Fv2%2Fcategories&post=6002"},{"taxonomy":"post_tag","embeddable":true,"href":"https:\/\/archive.sana.sy\/tr\/index.php?rest_route=%2Fwp%2Fv2%2Ftags&post=6002"}],"curies":[{"name":"wp","href":"https:\/\/api.w.org\/{rel}","templated":true}]}}