{"id":60058,"date":"2016-02-03T13:53:12","date_gmt":"2016-02-03T11:53:12","guid":{"rendered":"http:\/\/www.sana.sy\/tr\/?p=60058"},"modified":"2016-02-03T13:53:12","modified_gmt":"2016-02-03T11:53:12","slug":"suriyeli-genclerin-yabanci-ajandalar-icin-yakit-olmasini-engellemek-gerekiyor","status":"publish","type":"post","link":"https:\/\/archive.sana.sy\/tr\/?p=60058","title":{"rendered":"Suriyeli Gen\u00e7lerin Yabanc\u0131 Ajandalar \u0130\u00e7in Yak\u0131t Olmas\u0131n\u0131 Engellemek Gerekiyor"},"content":{"rendered":"<p>HOMS \u2013 Homs Valisi Telal el Berazi Suriye h\u00fck\u00fcmetinin istisnas\u0131z t\u00fcm vatanda\u015flar\u0131n ihtiya\u00e7lar\u0131n\u0131 kar\u015f\u0131lama \u00f6zenini bir kez daha vurgularken, \u00f6zellikle il k\u0131rsal\u0131n\u0131n kuzeyinde olmak \u00fczere muhtelif \u015fekillerde oyuna getirilen vatanda\u015flara silahlar\u0131n\u0131 teslim etme ve vatan kuca\u011f\u0131na d\u00f6nme f\u0131rsat\u0131 verme \u00e7abas\u0131na dikkat \u00e7ekti.<\/p>\n<p>Homs\u2019ta Ulusal Uzla\u015fma Komitesinin bir k\u0131s\u0131m \u00fcyelerinin yan\u0131 s\u0131ra il k\u0131rsal\u0131n\u0131n kuzeyinde sosyal \u015fahsiyetler ve halk\u0131n \u00f6nde gelenleriyle bir araya gelen Vali Berazi; il k\u0131rsal\u0131n\u0131n tamam\u0131nda g\u00fcvenlik ve istikrar\u0131n sa\u011flanmas\u0131na giden yolun uzla\u015fma yolu oldu\u011funu belirtti.<\/p>\n<p>Vali Berazi Selma, Rebia, \u015eeyh Meskin, Halep k\u0131rsal\u0131 ve yurdun muhtelif b\u00f6lgelerinde tekfirci ve hain ter\u00f6re kar\u015f\u0131 \u00f6nemli ilerlemeler kaydeden Suriye ordusunun vatan\u0131n her kar\u0131\u015f topra\u011f\u0131na girme ve istikrar\u0131 sa\u011flama g\u00fcc\u00fcne sahip oldu\u011funu kan\u0131tlad\u0131\u011f\u0131na dikkat \u00e7ekti. Vatan\u0131 koruman\u0131n herkesin sorumlulu\u011fu oldu\u011funu ifade eden Vali Berazi; herkesin bu vatanda ortak oldu\u011funu, dolay\u0131s\u0131yla da herkesin \u00fcst\u00fcne d\u00fc\u015fen sorumlulu\u011fu yerine getirmesi gerekti\u011fini s\u00f6yledi.<\/p>\n<p>Homs Valisi Berazi Suriye gen\u00e7lerinin yabanc\u0131 ajandalar ve d\u0131\u015f taraflar\u0131n \u00e7\u0131karlar\u0131nda yak\u0131t olarak kullan\u0131lmalar\u0131n\u0131 engellemenin \u00f6nemine vurgu yapt\u0131.<\/p>\n<p>Toplant\u0131 kat\u0131l\u0131mc\u0131lar\u0131 ise yabanc\u0131lar\u0131n Suriye&#8217;den kovulmas\u0131 ve ter\u00f6re son vermede orduya desteklerini ifade ederken, toplumun her ferdinin ulusal \u00e7\u0131karlar\u0131 her \u015feyin \u00fcst\u00fcnde tutmas\u0131 gere\u011fini vurgulad\u0131.<\/p>\n","protected":false},"excerpt":{"rendered":"<p>HOMS \u2013 Homs Valisi Telal el Berazi Suriye h\u00fck\u00fcmetinin istisnas\u0131z t\u00fcm vatanda\u015flar\u0131n ihtiya\u00e7lar\u0131n\u0131 kar\u015f\u0131lama \u00f6zenini bir kez daha vurgularken, \u00f6zellikle il k\u0131rsal\u0131n\u0131n kuzeyinde olmak \u00fczere muhtelif \u015fekillerde oyuna getirilen vatanda\u015flara silahlar\u0131n\u0131 teslim etme ve vatan kuca\u011f\u0131na d\u00f6nme f\u0131rsat\u0131 verme \u00e7abas\u0131na dikkat \u00e7ekti. Homs\u2019ta Ulusal Uzla\u015fma Komitesinin bir k\u0131s\u0131m \u00fcyelerinin yan\u0131 s\u0131ra il k\u0131rsal\u0131n\u0131n kuzeyinde sosyal &hellip;<\/p>\n","protected":false},"author":1,"featured_media":56375,"comment_status":"closed","ping_status":"closed","sticky":false,"template":"","format":"standard","meta":{"footnotes":""},"categories":[479,17988,478],"tags":[18257,18157],"class_list":["post-60058","post","type-post","status-publish","format-standard","has-post-thumbnail","","category-haberler-yerel","category-son-haberler","category-yerel","tag-homs-valisi-telal-el-berazi","tag-ulusal-uzlasma"],"_links":{"self":[{"href":"https:\/\/archive.sana.sy\/tr\/index.php?rest_route=\/wp\/v2\/posts\/60058","targetHints":{"allow":["GET"]}}],"collection":[{"href":"https:\/\/archive.sana.sy\/tr\/index.php?rest_route=\/wp\/v2\/posts"}],"about":[{"href":"https:\/\/archive.sana.sy\/tr\/index.php?rest_route=\/wp\/v2\/types\/post"}],"author":[{"embeddable":true,"href":"https:\/\/archive.sana.sy\/tr\/index.php?rest_route=\/wp\/v2\/users\/1"}],"replies":[{"embeddable":true,"href":"https:\/\/archive.sana.sy\/tr\/index.php?rest_route=%2Fwp%2Fv2%2Fcomments&post=60058"}],"version-history":[{"count":0,"href":"https:\/\/archive.sana.sy\/tr\/index.php?rest_route=\/wp\/v2\/posts\/60058\/revisions"}],"wp:featuredmedia":[{"embeddable":true,"href":"https:\/\/archive.sana.sy\/tr\/index.php?rest_route=\/wp\/v2\/media\/56375"}],"wp:attachment":[{"href":"https:\/\/archive.sana.sy\/tr\/index.php?rest_route=%2Fwp%2Fv2%2Fmedia&parent=60058"}],"wp:term":[{"taxonomy":"category","embeddable":true,"href":"https:\/\/archive.sana.sy\/tr\/index.php?rest_route=%2Fwp%2Fv2%2Fcategories&post=60058"},{"taxonomy":"post_tag","embeddable":true,"href":"https:\/\/archive.sana.sy\/tr\/index.php?rest_route=%2Fwp%2Fv2%2Ftags&post=60058"}],"curies":[{"name":"wp","href":"https:\/\/api.w.org\/{rel}","templated":true}]}}