{"id":6006,"date":"2014-07-27T19:15:27","date_gmt":"2014-07-27T16:15:27","guid":{"rendered":"http:\/\/www.sana.sy\/tr\/?p=6006"},"modified":"2014-07-27T19:15:27","modified_gmt":"2014-07-27T16:15:27","slug":"israil-saldirilarina-son-verme-yollari-nasrullah-ve-zarifin-gundeminde","status":"publish","type":"post","link":"https:\/\/archive.sana.sy\/tr\/?p=6006","title":{"rendered":"\u0130srail Sald\u0131r\u0131lar\u0131na Son Verme Yollar\u0131 Nasrullah ve Zarif\u2019in G\u00fcndeminde"},"content":{"rendered":"<p>BEYRUT \u2013 \u0130ran D\u0131\u015fi\u015fleri Bakan\u0131 Muhammed Cevad Zarif bug\u00fcn L\u00fcbnan Hizbullah Partisi Genel Sekreteri Hasan Nasrullah ile bulundu\u011fu telefon g\u00f6r\u00fc\u015fmesinde Siyonist \u0130srail&#8217;in Gazze Kesimine y\u00f6nelik sald\u0131r\u0131lar\u0131ndaki son geli\u015fmeleri masaya yat\u0131rd\u0131.<\/p>\n<p>Zarif ve Nasrullah g\u00f6r\u00fc\u015fmelerinde \u0130srail&#8217;in Gazze Kesimine bulundu\u011fu bu sald\u0131r\u0131lara son vermekle birlikte Gazze\u2019ye uygulanan kat\u0131 ablukan\u0131n kald\u0131r\u0131lmas\u0131 i\u00e7in \u00e7al\u0131\u015fma y\u00f6nleri ve gerekli deste\u011fi ele ald\u0131lar.<\/p>\n<p>\u00d6te yandan Nasrullah Beyrut\u2019ta \u0130ran D\u0131\u015fi\u015fleri Bakan\u0131 Yard\u0131mc\u0131s\u0131 H\u00fcseyin Emir Abd\u00fcllehyan ve ona e\u015flik eden heyetle bir araya gelerek \u00f6zellikle Gazze olmak \u00fczere b\u00f6lge ve L\u00fcbnan&#8217;daki son durumlar\u0131 masaya yat\u0131rd\u0131.<\/p>\n<p>\u0130ki taraf g\u00f6r\u00fc\u015fmelerinde Gazze\u2019de halk ve direni\u015fin desteklenmesiyle birlikte \u0130srail sald\u0131r\u0131lar\u0131na son verme olanaklar\u0131n\u0131 tart\u0131\u015ft\u0131.<\/p>\n<p>Ayn\u0131 \u00e7er\u00e7eve alt\u0131nda L\u00fcbnan&#8217;da bulunan Fislitinli direni\u015f gruplar\u0131 Abd\u00fcllehyan ile bir araya geldiler.<\/p>\n","protected":false},"excerpt":{"rendered":"<p>BEYRUT \u2013 \u0130ran D\u0131\u015fi\u015fleri Bakan\u0131 Muhammed Cevad Zarif bug\u00fcn L\u00fcbnan Hizbullah Partisi Genel Sekreteri Hasan Nasrullah ile bulundu\u011fu telefon g\u00f6r\u00fc\u015fmesinde Siyonist \u0130srail&#8217;in Gazze Kesimine y\u00f6nelik sald\u0131r\u0131lar\u0131ndaki son geli\u015fmeleri masaya yat\u0131rd\u0131. Zarif ve Nasrullah g\u00f6r\u00fc\u015fmelerinde \u0130srail&#8217;in Gazze Kesimine bulundu\u011fu bu sald\u0131r\u0131lara son vermekle birlikte Gazze\u2019ye uygulanan kat\u0131 ablukan\u0131n kald\u0131r\u0131lmas\u0131 i\u00e7in \u00e7al\u0131\u015fma y\u00f6nleri ve gerekli deste\u011fi ele &hellip;<\/p>\n","protected":false},"author":1,"featured_media":6007,"comment_status":"closed","ping_status":"closed","sticky":false,"template":"","format":"standard","meta":{"footnotes":""},"categories":[458,459,447],"tags":[1328],"class_list":["post-6006","post","type-post","status-publish","format-standard","has-post-thumbnail","","category-dunya1","category-haberler-arap-uluslararasi-politika","category-politika","tag-israil-saldirilarina-son-verme-yollari-nasrullah-ve-zarifin-gundeminde"],"_links":{"self":[{"href":"https:\/\/archive.sana.sy\/tr\/index.php?rest_route=\/wp\/v2\/posts\/6006","targetHints":{"allow":["GET"]}}],"collection":[{"href":"https:\/\/archive.sana.sy\/tr\/index.php?rest_route=\/wp\/v2\/posts"}],"about":[{"href":"https:\/\/archive.sana.sy\/tr\/index.php?rest_route=\/wp\/v2\/types\/post"}],"author":[{"embeddable":true,"href":"https:\/\/archive.sana.sy\/tr\/index.php?rest_route=\/wp\/v2\/users\/1"}],"replies":[{"embeddable":true,"href":"https:\/\/archive.sana.sy\/tr\/index.php?rest_route=%2Fwp%2Fv2%2Fcomments&post=6006"}],"version-history":[{"count":0,"href":"https:\/\/archive.sana.sy\/tr\/index.php?rest_route=\/wp\/v2\/posts\/6006\/revisions"}],"wp:featuredmedia":[{"embeddable":true,"href":"https:\/\/archive.sana.sy\/tr\/index.php?rest_route=\/wp\/v2\/media\/6007"}],"wp:attachment":[{"href":"https:\/\/archive.sana.sy\/tr\/index.php?rest_route=%2Fwp%2Fv2%2Fmedia&parent=6006"}],"wp:term":[{"taxonomy":"category","embeddable":true,"href":"https:\/\/archive.sana.sy\/tr\/index.php?rest_route=%2Fwp%2Fv2%2Fcategories&post=6006"},{"taxonomy":"post_tag","embeddable":true,"href":"https:\/\/archive.sana.sy\/tr\/index.php?rest_route=%2Fwp%2Fv2%2Ftags&post=6006"}],"curies":[{"name":"wp","href":"https:\/\/api.w.org\/{rel}","templated":true}]}}