{"id":60062,"date":"2016-02-03T12:40:51","date_gmt":"2016-02-03T10:40:51","guid":{"rendered":"http:\/\/www.sana.sy\/tr\/?p=60062"},"modified":"2016-02-03T16:46:11","modified_gmt":"2016-02-03T14:46:11","slug":"isidli-bir-komutani-oldurdu","status":"publish","type":"post","link":"https:\/\/archive.sana.sy\/tr\/?p=60062","title":{"rendered":"I\u015e\u0130D\u2019li Bir Komutan\u0131 \u00d6ld\u00fcrd\u00fc"},"content":{"rendered":"<p>BEYRUT \u2013 L\u00fcbnan resmi haber ajans\u0131 Ulusal Enformasyon Ajans\u0131 L\u00fcbnan ordusunun Suriye s\u0131n\u0131rlar\u0131na yak\u0131n Ersal B\u00f6lgesinin Vadi el Aranib M\u0131nt\u0131kas\u0131nda ter\u00f6ristlerin bir s\u0131\u011f\u0131na\u011f\u0131na bask\u0131n d\u00fczenledi\u011fini belirtti.<\/p>\n<p>Ajans haberinde bask\u0131n operasyonunda I\u015e\u0130D komutanlar\u0131ndan Enes Halit Zarur\u2019un yan\u0131 s\u0131ra bir\u00e7ok ter\u00f6ristin \u00f6ld\u00fcr\u00fcld\u00fc\u011f\u00fc ifade edildi. Operasyonda 20 ter\u00f6ristin de canl\u0131 olarak tutukland\u0131klar\u0131na dikkat \u00e7ekilen haberde; s\u0131\u011f\u0131nakta muhtelif t\u00fcr patlay\u0131c\u0131lar\u0131n yan\u0131 s\u0131ra intihar kemerlerinin de ele ge\u00e7irildi\u011fi kaydedildi.<\/p>\n<p>\u00d6te yandan L\u00fcbnan ordusu Ersal Beldesindeki Cemarik Bulvar\u0131 yak\u0131nlar\u0131nda ter\u00f6rist Abd\u00fcrrahman el Flayti\u2019nin evine bask\u0131n d\u00fczenleyerek 7 ter\u00f6risti g\u00f6z alt\u0131na ald\u0131.<\/p>\n","protected":false},"excerpt":{"rendered":"<p>BEYRUT \u2013 L\u00fcbnan resmi haber ajans\u0131 Ulusal Enformasyon Ajans\u0131 L\u00fcbnan ordusunun Suriye s\u0131n\u0131rlar\u0131na yak\u0131n Ersal B\u00f6lgesinin Vadi el Aranib M\u0131nt\u0131kas\u0131nda ter\u00f6ristlerin bir s\u0131\u011f\u0131na\u011f\u0131na bask\u0131n d\u00fczenledi\u011fini belirtti. Ajans haberinde bask\u0131n operasyonunda I\u015e\u0130D komutanlar\u0131ndan Enes Halit Zarur\u2019un yan\u0131 s\u0131ra bir\u00e7ok ter\u00f6ristin \u00f6ld\u00fcr\u00fcld\u00fc\u011f\u00fc ifade edildi. Operasyonda 20 ter\u00f6ristin de canl\u0131 olarak tutukland\u0131klar\u0131na dikkat \u00e7ekilen haberde; s\u0131\u011f\u0131nakta muhtelif t\u00fcr &hellip;<\/p>\n","protected":false},"author":1,"featured_media":60065,"comment_status":"closed","ping_status":"closed","sticky":false,"template":"","format":"standard","meta":{"footnotes":""},"categories":[458,459,17988],"tags":[18980,18979,17734],"class_list":["post-60062","post","type-post","status-publish","format-standard","has-post-thumbnail","","category-dunya1","category-haberler-arap-uluslararasi-politika","category-son-haberler","tag-ersal","tag-isidli-bir-komutani-oldurdu","tag-lubnan-ordusu"],"_links":{"self":[{"href":"https:\/\/archive.sana.sy\/tr\/index.php?rest_route=\/wp\/v2\/posts\/60062","targetHints":{"allow":["GET"]}}],"collection":[{"href":"https:\/\/archive.sana.sy\/tr\/index.php?rest_route=\/wp\/v2\/posts"}],"about":[{"href":"https:\/\/archive.sana.sy\/tr\/index.php?rest_route=\/wp\/v2\/types\/post"}],"author":[{"embeddable":true,"href":"https:\/\/archive.sana.sy\/tr\/index.php?rest_route=\/wp\/v2\/users\/1"}],"replies":[{"embeddable":true,"href":"https:\/\/archive.sana.sy\/tr\/index.php?rest_route=%2Fwp%2Fv2%2Fcomments&post=60062"}],"version-history":[{"count":0,"href":"https:\/\/archive.sana.sy\/tr\/index.php?rest_route=\/wp\/v2\/posts\/60062\/revisions"}],"wp:featuredmedia":[{"embeddable":true,"href":"https:\/\/archive.sana.sy\/tr\/index.php?rest_route=\/wp\/v2\/media\/60065"}],"wp:attachment":[{"href":"https:\/\/archive.sana.sy\/tr\/index.php?rest_route=%2Fwp%2Fv2%2Fmedia&parent=60062"}],"wp:term":[{"taxonomy":"category","embeddable":true,"href":"https:\/\/archive.sana.sy\/tr\/index.php?rest_route=%2Fwp%2Fv2%2Fcategories&post=60062"},{"taxonomy":"post_tag","embeddable":true,"href":"https:\/\/archive.sana.sy\/tr\/index.php?rest_route=%2Fwp%2Fv2%2Ftags&post=60062"}],"curies":[{"name":"wp","href":"https:\/\/api.w.org\/{rel}","templated":true}]}}