{"id":60064,"date":"2016-02-03T12:21:12","date_gmt":"2016-02-03T10:21:12","guid":{"rendered":"http:\/\/www.sana.sy\/tr\/?p=60064"},"modified":"2016-02-03T22:21:58","modified_gmt":"2016-02-03T20:21:58","slug":"saf-ahmakliktan-baska-bir-sey-degildir","status":"publish","type":"post","link":"https:\/\/archive.sana.sy\/tr\/?p=60064","title":{"rendered":"Saf Ahmakl\u0131ktan Ba\u015fka Bir \u015eey De\u011fildir"},"content":{"rendered":"<p>MOSKOVA \u2013 Rusya Milli G\u00fcvenlik Konseyi Genel Sekreter Yard\u0131mc\u0131s\u0131 Yevgeniy Lukyanov Rusya&#8217;n\u0131n Suriye&#8217;nin egemenli\u011fi, laikli\u011fi, toprak b\u00fct\u00fcnl\u00fc\u011f\u00fc ve refah\u0131na b\u00fcy\u00fck bir \u00f6zen g\u00f6sterdi\u011fini belirtti.<\/p>\n<p>\u0130ngiltere D\u0131\u015fi\u015fleri Bakan\u0131 Philip Hammond\u2019un \u201cRusya&#8217;n\u0131n Suriye sahilinde k\u00fc\u00e7\u00fck bir devlet kurma \u00e7abas\u0131nda oldu\u011fu\u201d y\u00f6n\u00fcndeki as\u0131ls\u0131z su\u00e7lamalar\u0131n\u0131 ele\u015ftiren Lukyanov; \u201cbu gibi as\u0131ls\u0131z iddialar saf ahmakl\u0131ktan ba\u015fka bir \u015fey de\u011fildir. Suriye&#8217;yi as\u0131l y\u0131kmak ve par\u00e7alamak isteyenler belli ba\u015fl\u0131 kimi devletlerin temsilcileridir.\u201d \u0130fadesini kulland\u0131.<\/p>\n<p>Bu arada T\u00fcrkiye&#8217;de ihvanc\u0131 rejim ba\u015fkan\u0131 Recep Tayip Erdo\u011fan Rus hava g\u00fc\u00e7lerinin deste\u011finde Lazkiye k\u0131rsal\u0131nda kendisine tabi \u00e7okuluslu tekfirci ve hain ter\u00f6ristleri b\u00fcy\u00fck kay\u0131plara u\u011fratmalar\u0131ndan dolay\u0131 rahats\u0131zl\u0131\u011f\u0131n\u0131n bir kan\u0131t\u0131 olarak Hammond\u2019an \u00f6nce Rusya&#8217;ya benzer su\u00e7lamalarda bulunmu\u015ftu.<\/p>\n","protected":false},"excerpt":{"rendered":"<p>MOSKOVA \u2013 Rusya Milli G\u00fcvenlik Konseyi Genel Sekreter Yard\u0131mc\u0131s\u0131 Yevgeniy Lukyanov Rusya&#8217;n\u0131n Suriye&#8217;nin egemenli\u011fi, laikli\u011fi, toprak b\u00fct\u00fcnl\u00fc\u011f\u00fc ve refah\u0131na b\u00fcy\u00fck bir \u00f6zen g\u00f6sterdi\u011fini belirtti. \u0130ngiltere D\u0131\u015fi\u015fleri Bakan\u0131 Philip Hammond\u2019un \u201cRusya&#8217;n\u0131n Suriye sahilinde k\u00fc\u00e7\u00fck bir devlet kurma \u00e7abas\u0131nda oldu\u011fu\u201d y\u00f6n\u00fcndeki as\u0131ls\u0131z su\u00e7lamalar\u0131n\u0131 ele\u015ftiren Lukyanov; \u201cbu gibi as\u0131ls\u0131z iddialar saf ahmakl\u0131ktan ba\u015fka bir \u015fey de\u011fildir. Suriye&#8217;yi as\u0131l &hellip;<\/p>\n","protected":false},"author":1,"featured_media":60068,"comment_status":"closed","ping_status":"closed","sticky":false,"template":"","format":"standard","meta":{"footnotes":""},"categories":[458,459,17988],"tags":[18849,18982,18981],"class_list":["post-60064","post","type-post","status-publish","format-standard","has-post-thumbnail","","category-dunya1","category-haberler-arap-uluslararasi-politika","category-son-haberler","tag-rusya-milli-guvenlik-konseyi","tag-rusyaya-yonelik-suclama","tag-yevgeniy-lukyanov"],"_links":{"self":[{"href":"https:\/\/archive.sana.sy\/tr\/index.php?rest_route=\/wp\/v2\/posts\/60064","targetHints":{"allow":["GET"]}}],"collection":[{"href":"https:\/\/archive.sana.sy\/tr\/index.php?rest_route=\/wp\/v2\/posts"}],"about":[{"href":"https:\/\/archive.sana.sy\/tr\/index.php?rest_route=\/wp\/v2\/types\/post"}],"author":[{"embeddable":true,"href":"https:\/\/archive.sana.sy\/tr\/index.php?rest_route=\/wp\/v2\/users\/1"}],"replies":[{"embeddable":true,"href":"https:\/\/archive.sana.sy\/tr\/index.php?rest_route=%2Fwp%2Fv2%2Fcomments&post=60064"}],"version-history":[{"count":0,"href":"https:\/\/archive.sana.sy\/tr\/index.php?rest_route=\/wp\/v2\/posts\/60064\/revisions"}],"wp:featuredmedia":[{"embeddable":true,"href":"https:\/\/archive.sana.sy\/tr\/index.php?rest_route=\/wp\/v2\/media\/60068"}],"wp:attachment":[{"href":"https:\/\/archive.sana.sy\/tr\/index.php?rest_route=%2Fwp%2Fv2%2Fmedia&parent=60064"}],"wp:term":[{"taxonomy":"category","embeddable":true,"href":"https:\/\/archive.sana.sy\/tr\/index.php?rest_route=%2Fwp%2Fv2%2Fcategories&post=60064"},{"taxonomy":"post_tag","embeddable":true,"href":"https:\/\/archive.sana.sy\/tr\/index.php?rest_route=%2Fwp%2Fv2%2Ftags&post=60064"}],"curies":[{"name":"wp","href":"https:\/\/api.w.org\/{rel}","templated":true}]}}