{"id":60070,"date":"2016-02-03T14:48:01","date_gmt":"2016-02-03T12:48:01","guid":{"rendered":"http:\/\/www.sana.sy\/tr\/?p=60070"},"modified":"2016-02-03T14:40:47","modified_gmt":"2016-02-03T12:40:47","slug":"israil-isgal-askerlerinin-kudus-kentinde-amud-kapisi-yakinlarinda-filistinlilere-actigi-ates-sonucunda-filistinli-3-genc-sehit-dustu","status":"publish","type":"post","link":"https:\/\/archive.sana.sy\/tr\/?p=60070","title":{"rendered":"\u0130srail i\u015fgal askerlerinin Kud\u00fcs Kentinde Amud Kap\u0131s\u0131 yak\u0131nlar\u0131nda Filistinlilere a\u00e7t\u0131\u011f\u0131 ate\u015f sonucunda Filistinli 3 gen\u00e7 \u015fehit d\u00fc\u015ft\u00fc"},"content":{"rendered":"<p>\u0130srail i\u015fgal askerlerinin Kud\u00fcs Kentinde Amud Kap\u0131s\u0131 yak\u0131nlar\u0131nda Filistinlilere a\u00e7t\u0131\u011f\u0131 ate\u015f sonucunda Filistinli 3 gen\u00e7 \u015fehit d\u00fc\u015ft\u00fc<\/p>\n","protected":false},"excerpt":{"rendered":"<p>\u0130srail i\u015fgal askerlerinin Kud\u00fcs Kentinde Amud Kap\u0131s\u0131 yak\u0131nlar\u0131nda Filistinlilere a\u00e7t\u0131\u011f\u0131 ate\u015f sonucunda Filistinli 3 gen\u00e7 \u015fehit d\u00fc\u015ft\u00fc<\/p>\n","protected":false},"author":1,"featured_media":0,"comment_status":"closed","ping_status":"closed","sticky":false,"template":"","format":"standard","meta":{"footnotes":""},"categories":[17991],"tags":[],"class_list":["post-60070","post","type-post","status-publish","format-standard","","category-son-dakika"],"_links":{"self":[{"href":"https:\/\/archive.sana.sy\/tr\/index.php?rest_route=\/wp\/v2\/posts\/60070","targetHints":{"allow":["GET"]}}],"collection":[{"href":"https:\/\/archive.sana.sy\/tr\/index.php?rest_route=\/wp\/v2\/posts"}],"about":[{"href":"https:\/\/archive.sana.sy\/tr\/index.php?rest_route=\/wp\/v2\/types\/post"}],"author":[{"embeddable":true,"href":"https:\/\/archive.sana.sy\/tr\/index.php?rest_route=\/wp\/v2\/users\/1"}],"replies":[{"embeddable":true,"href":"https:\/\/archive.sana.sy\/tr\/index.php?rest_route=%2Fwp%2Fv2%2Fcomments&post=60070"}],"version-history":[{"count":0,"href":"https:\/\/archive.sana.sy\/tr\/index.php?rest_route=\/wp\/v2\/posts\/60070\/revisions"}],"wp:attachment":[{"href":"https:\/\/archive.sana.sy\/tr\/index.php?rest_route=%2Fwp%2Fv2%2Fmedia&parent=60070"}],"wp:term":[{"taxonomy":"category","embeddable":true,"href":"https:\/\/archive.sana.sy\/tr\/index.php?rest_route=%2Fwp%2Fv2%2Fcategories&post=60070"},{"taxonomy":"post_tag","embeddable":true,"href":"https:\/\/archive.sana.sy\/tr\/index.php?rest_route=%2Fwp%2Fv2%2Ftags&post=60070"}],"curies":[{"name":"wp","href":"https:\/\/api.w.org\/{rel}","templated":true}]}}