{"id":60077,"date":"2016-02-03T08:40:29","date_gmt":"2016-02-03T06:40:29","guid":{"rendered":"http:\/\/www.sana.sy\/tr\/?p=60077"},"modified":"2016-02-03T15:24:50","modified_gmt":"2016-02-03T13:24:50","slug":"erdogan-ceteleri-3-komutaninin-oldugunu-itiraf-etti","status":"publish","type":"post","link":"https:\/\/archive.sana.sy\/tr\/?p=60077","title":{"rendered":"Erdo\u011fan \u00c7eteleri 3 Komutan\u0131n\u0131n \u00d6ld\u00fc\u011f\u00fcn\u00fc \u0130tiraf Etti"},"content":{"rendered":"<p>HALEP \u2013 Halep k\u0131rsal\u0131n\u0131n kuzeyinde Erdo\u011fan rejiminin destekledi\u011fi tekfirci ve hain ter\u00f6ristler 3 medya ara\u00e7lar\u0131nda 3 komutan\u0131n\u0131n \u00f6ld\u00fc\u011f\u00fcn\u00fc itiraf etti.<\/p>\n<p>Ter\u00f6ristler ordu birliklerimizin operasyonlar\u0131nda say\u0131 ve ara\u00e7lar\u0131yla b\u00fcy\u00fck kay\u0131plara u\u011frad\u0131klar\u0131n\u0131 ifade eden imdat nidalar\u0131n\u0131n yan\u0131nda \u00f6len \u00e7ok say\u0131da ter\u00f6ristin kimli\u011fini a\u00e7\u0131klad\u0131. Kimli\u011fi a\u00e7\u0131klanan ter\u00f6r komutanlar\u0131 aras\u0131nda Nusra Cephesinin s\u00f6zde askeri komutanlar\u0131ndan \u2018Ebu Cafer Sellum\u2019, Nurettin Zenki Hareketi\u2019nin s\u00f6zde bariz askeri komutanlar\u0131ndan Kuteyba \u0130brahim Hicazi (fotoda) ve s\u00f6z konusu harekete tabi \u2018Kuzey B\u00f6lge G\u00fc\u00e7leri\u2019 olu\u015fumunun s\u00f6zde genel askeri komutan\u0131 \u00d6mer Mahmut Cal\u00fck\u2019\u00fcn bulundu\u011fu ifade edildi.<\/p>\n","protected":false},"excerpt":{"rendered":"<p>HALEP \u2013 Halep k\u0131rsal\u0131n\u0131n kuzeyinde Erdo\u011fan rejiminin destekledi\u011fi tekfirci ve hain ter\u00f6ristler 3 medya ara\u00e7lar\u0131nda 3 komutan\u0131n\u0131n \u00f6ld\u00fc\u011f\u00fcn\u00fc itiraf etti. Ter\u00f6ristler ordu birliklerimizin operasyonlar\u0131nda say\u0131 ve ara\u00e7lar\u0131yla b\u00fcy\u00fck kay\u0131plara u\u011frad\u0131klar\u0131n\u0131 ifade eden imdat nidalar\u0131n\u0131n yan\u0131nda \u00f6len \u00e7ok say\u0131da ter\u00f6ristin kimli\u011fini a\u00e7\u0131klad\u0131. Kimli\u011fi a\u00e7\u0131klanan ter\u00f6r komutanlar\u0131 aras\u0131nda Nusra Cephesinin s\u00f6zde askeri komutanlar\u0131ndan \u2018Ebu Cafer Sellum\u2019, Nurettin &hellip;<\/p>\n","protected":false},"author":1,"featured_media":60080,"comment_status":"closed","ping_status":"closed","sticky":false,"template":"","format":"standard","meta":{"footnotes":""},"categories":[575,17988],"tags":[18984],"class_list":["post-60077","post","type-post","status-publish","format-standard","has-post-thumbnail","","category-olaylar-ve-gercekler","category-son-haberler","tag-erdogan-ceteleri-3-komutaninin-oldugunu-itiraf-etti"],"_links":{"self":[{"href":"https:\/\/archive.sana.sy\/tr\/index.php?rest_route=\/wp\/v2\/posts\/60077","targetHints":{"allow":["GET"]}}],"collection":[{"href":"https:\/\/archive.sana.sy\/tr\/index.php?rest_route=\/wp\/v2\/posts"}],"about":[{"href":"https:\/\/archive.sana.sy\/tr\/index.php?rest_route=\/wp\/v2\/types\/post"}],"author":[{"embeddable":true,"href":"https:\/\/archive.sana.sy\/tr\/index.php?rest_route=\/wp\/v2\/users\/1"}],"replies":[{"embeddable":true,"href":"https:\/\/archive.sana.sy\/tr\/index.php?rest_route=%2Fwp%2Fv2%2Fcomments&post=60077"}],"version-history":[{"count":0,"href":"https:\/\/archive.sana.sy\/tr\/index.php?rest_route=\/wp\/v2\/posts\/60077\/revisions"}],"wp:featuredmedia":[{"embeddable":true,"href":"https:\/\/archive.sana.sy\/tr\/index.php?rest_route=\/wp\/v2\/media\/60080"}],"wp:attachment":[{"href":"https:\/\/archive.sana.sy\/tr\/index.php?rest_route=%2Fwp%2Fv2%2Fmedia&parent=60077"}],"wp:term":[{"taxonomy":"category","embeddable":true,"href":"https:\/\/archive.sana.sy\/tr\/index.php?rest_route=%2Fwp%2Fv2%2Fcategories&post=60077"},{"taxonomy":"post_tag","embeddable":true,"href":"https:\/\/archive.sana.sy\/tr\/index.php?rest_route=%2Fwp%2Fv2%2Ftags&post=60077"}],"curies":[{"name":"wp","href":"https:\/\/api.w.org\/{rel}","templated":true}]}}