{"id":60087,"date":"2016-02-03T17:22:22","date_gmt":"2016-02-03T15:22:22","guid":{"rendered":"http:\/\/www.sana.sy\/tr\/?p=60087"},"modified":"2016-02-03T17:22:22","modified_gmt":"2016-02-03T15:22:22","slug":"saha-kaynaklari-halep-kirsalinda-erdogan-rejiminin-destegindeki-tekfirci-ve-hain-teroristleri-buyuk-kayiplara-ugratan-ordu-birliklerimizin-4-yila-askin-suredir-kati-bir-teror-ablukasi-altindaki-nubbul","status":"publish","type":"post","link":"https:\/\/archive.sana.sy\/tr\/?p=60087","title":{"rendered":"Saha kaynaklar\u0131 Halep k\u0131rsal\u0131nda Erdo\u011fan rejiminin deste\u011findeki tekfirci ve hain ter\u00f6ristleri b\u00fcy\u00fck kay\u0131plara u\u011fratan ordu birliklerimizin 4 y\u0131la a\u015fk\u0131n s\u00fcredir kat\u0131 bir ter\u00f6r ablukas\u0131 alt\u0131ndaki N\u00fcbbul ve Zehra beldelerine ula\u015ft\u0131klar\u0131n\u0131 belirtti"},"content":{"rendered":"<p>Saha kaynaklar\u0131 Halep k\u0131rsal\u0131nda Erdo\u011fan rejiminin deste\u011findeki tekfirci ve hain ter\u00f6ristleri b\u00fcy\u00fck kay\u0131plara u\u011fratan ordu birliklerimizin 4 y\u0131la a\u015fk\u0131n s\u00fcredir kat\u0131 bir ter\u00f6r ablukas\u0131 alt\u0131ndaki N\u00fcbbul ve Zehra beldelerine ula\u015ft\u0131klar\u0131n\u0131 belirtti<\/p>\n","protected":false},"excerpt":{"rendered":"<p>Saha kaynaklar\u0131 Halep k\u0131rsal\u0131nda Erdo\u011fan rejiminin deste\u011findeki tekfirci ve hain ter\u00f6ristleri b\u00fcy\u00fck kay\u0131plara u\u011fratan ordu birliklerimizin 4 y\u0131la a\u015fk\u0131n s\u00fcredir kat\u0131 bir ter\u00f6r ablukas\u0131 alt\u0131ndaki N\u00fcbbul ve Zehra beldelerine ula\u015ft\u0131klar\u0131n\u0131 belirtti<\/p>\n","protected":false},"author":1,"featured_media":0,"comment_status":"closed","ping_status":"closed","sticky":false,"template":"","format":"standard","meta":{"footnotes":""},"categories":[17991],"tags":[],"class_list":["post-60087","post","type-post","status-publish","format-standard","","category-son-dakika"],"_links":{"self":[{"href":"https:\/\/archive.sana.sy\/tr\/index.php?rest_route=\/wp\/v2\/posts\/60087","targetHints":{"allow":["GET"]}}],"collection":[{"href":"https:\/\/archive.sana.sy\/tr\/index.php?rest_route=\/wp\/v2\/posts"}],"about":[{"href":"https:\/\/archive.sana.sy\/tr\/index.php?rest_route=\/wp\/v2\/types\/post"}],"author":[{"embeddable":true,"href":"https:\/\/archive.sana.sy\/tr\/index.php?rest_route=\/wp\/v2\/users\/1"}],"replies":[{"embeddable":true,"href":"https:\/\/archive.sana.sy\/tr\/index.php?rest_route=%2Fwp%2Fv2%2Fcomments&post=60087"}],"version-history":[{"count":0,"href":"https:\/\/archive.sana.sy\/tr\/index.php?rest_route=\/wp\/v2\/posts\/60087\/revisions"}],"wp:attachment":[{"href":"https:\/\/archive.sana.sy\/tr\/index.php?rest_route=%2Fwp%2Fv2%2Fmedia&parent=60087"}],"wp:term":[{"taxonomy":"category","embeddable":true,"href":"https:\/\/archive.sana.sy\/tr\/index.php?rest_route=%2Fwp%2Fv2%2Fcategories&post=60087"},{"taxonomy":"post_tag","embeddable":true,"href":"https:\/\/archive.sana.sy\/tr\/index.php?rest_route=%2Fwp%2Fv2%2Ftags&post=60087"}],"curies":[{"name":"wp","href":"https:\/\/api.w.org\/{rel}","templated":true}]}}