{"id":60091,"date":"2016-02-03T12:31:01","date_gmt":"2016-02-03T10:31:01","guid":{"rendered":"http:\/\/www.sana.sy\/tr\/?p=60091"},"modified":"2016-02-08T15:58:57","modified_gmt":"2016-02-08T13:58:57","slug":"hazirlik-sureci-beklenenden-daha-uzun-bir-sure-alacak","status":"publish","type":"post","link":"https:\/\/archive.sana.sy\/tr\/?p=60091","title":{"rendered":"Haz\u0131rl\u0131k S\u00fcreci Beklenenden Daha Uzun Bir S\u00fcre Alacak"},"content":{"rendered":"<p>CENEVRE \u2013 BM g\u00f6zetimi alt\u0131nda Cenevre&#8217;de Suriyeliler aras\u0131nda dolayl\u0131 diyalog g\u00f6r\u00fc\u015fmelerinde Suriye Arap Cumhuriyeti heyetinin ba\u015fkan\u0131 Be\u015f\u015far el Caferi; diyalog g\u00f6r\u00fc\u015fmelerine haz\u0131rl\u0131k s\u00fcrecinin tahmin edilenden daha uzun bir zaman alabilece\u011fini belirtti.<\/p>\n<p>Reuters Ajans\u0131na bug\u00fcn yapt\u0131\u011f\u0131 a\u00e7\u0131klamada Caferi; g\u00f6r\u00fc\u015fmelerin ilk s\u00fcrecinin beklenenden daha uzun bir s\u00fcre alaca\u011f\u0131 ihtimaline dikkat \u00e7ekerken, Suriye Arap Cumhuriyeti heyetinin haz\u0131rl\u0131k s\u00fcrecinin tam olarak ne zaman sona erece\u011fini bilmedi\u011fini s\u00f6yledi. Caferi Suriye Arap Cumhuriyeti heyetinin ayn\u0131 zamanda ne g\u00f6r\u00fc\u015fmeye kat\u0131lacaklar\u0131n listesini, ne ka\u00e7 heyetin bulunaca\u011f\u0131 ne de g\u00f6r\u00fc\u015fmelerin g\u00fcndemi konusunda bilgi sahibi olmad\u0131\u011f\u0131n\u0131 ifade etti.<\/p>\n<p>Heyet ba\u015fkan\u0131 Caferi; BM Suriye \u00f6zel temsilcisi Staffan de Mistura\u2019n\u0131n, g\u00f6r\u00fc\u015fmelere kat\u0131lacaklar\u0131n bir\u00e7o\u011funun hen\u00fcz Cenevre&#8217;ye ula\u015fmad\u0131klar\u0131n\u0131 ifade etti\u011fini belirtti.<\/p>\n","protected":false},"excerpt":{"rendered":"<p>CENEVRE \u2013 BM g\u00f6zetimi alt\u0131nda Cenevre&#8217;de Suriyeliler aras\u0131nda dolayl\u0131 diyalog g\u00f6r\u00fc\u015fmelerinde Suriye Arap Cumhuriyeti heyetinin ba\u015fkan\u0131 Be\u015f\u015far el Caferi; diyalog g\u00f6r\u00fc\u015fmelerine haz\u0131rl\u0131k s\u00fcrecinin tahmin edilenden daha uzun bir zaman alabilece\u011fini belirtti. Reuters Ajans\u0131na bug\u00fcn yapt\u0131\u011f\u0131 a\u00e7\u0131klamada Caferi; g\u00f6r\u00fc\u015fmelerin ilk s\u00fcrecinin beklenenden daha uzun bir s\u00fcre alaca\u011f\u0131 ihtimaline dikkat \u00e7ekerken, Suriye Arap Cumhuriyeti heyetinin haz\u0131rl\u0131k s\u00fcrecinin &hellip;<\/p>\n","protected":false},"author":1,"featured_media":60101,"comment_status":"closed","ping_status":"closed","sticky":false,"template":"","format":"standard","meta":{"footnotes":""},"categories":[458,459,17988],"tags":[18987],"class_list":["post-60091","post","type-post","status-publish","format-standard","has-post-thumbnail","","category-dunya1","category-haberler-arap-uluslararasi-politika","category-son-haberler","tag-hazirlik-sureci-beklenenden-daha-uzun-bir-sure-alacak"],"_links":{"self":[{"href":"https:\/\/archive.sana.sy\/tr\/index.php?rest_route=\/wp\/v2\/posts\/60091","targetHints":{"allow":["GET"]}}],"collection":[{"href":"https:\/\/archive.sana.sy\/tr\/index.php?rest_route=\/wp\/v2\/posts"}],"about":[{"href":"https:\/\/archive.sana.sy\/tr\/index.php?rest_route=\/wp\/v2\/types\/post"}],"author":[{"embeddable":true,"href":"https:\/\/archive.sana.sy\/tr\/index.php?rest_route=\/wp\/v2\/users\/1"}],"replies":[{"embeddable":true,"href":"https:\/\/archive.sana.sy\/tr\/index.php?rest_route=%2Fwp%2Fv2%2Fcomments&post=60091"}],"version-history":[{"count":0,"href":"https:\/\/archive.sana.sy\/tr\/index.php?rest_route=\/wp\/v2\/posts\/60091\/revisions"}],"wp:featuredmedia":[{"embeddable":true,"href":"https:\/\/archive.sana.sy\/tr\/index.php?rest_route=\/wp\/v2\/media\/60101"}],"wp:attachment":[{"href":"https:\/\/archive.sana.sy\/tr\/index.php?rest_route=%2Fwp%2Fv2%2Fmedia&parent=60091"}],"wp:term":[{"taxonomy":"category","embeddable":true,"href":"https:\/\/archive.sana.sy\/tr\/index.php?rest_route=%2Fwp%2Fv2%2Fcategories&post=60091"},{"taxonomy":"post_tag","embeddable":true,"href":"https:\/\/archive.sana.sy\/tr\/index.php?rest_route=%2Fwp%2Fv2%2Ftags&post=60091"}],"curies":[{"name":"wp","href":"https:\/\/api.w.org\/{rel}","templated":true}]}}