{"id":6010,"date":"2014-07-27T23:05:52","date_gmt":"2014-07-27T20:05:52","guid":{"rendered":"http:\/\/www.sana.sy\/tr\/?p=6010"},"modified":"2014-07-28T01:07:56","modified_gmt":"2014-07-27T22:07:56","slug":"icisleri-bakanligi-asayis-guvenligi-724-goreve-hazir-bekliyor","status":"publish","type":"post","link":"https:\/\/archive.sana.sy\/tr\/?p=6010","title":{"rendered":"\u0130\u00e7i\u015fleri Bakanl\u0131\u011f\u0131: Asayi\u015f G\u00fcvenli\u011fi 7\/24 G\u00f6reve Haz\u0131r Bekliyor"},"content":{"rendered":"<p>\u015eAM \u2013 \u0130\u00e7i\u015fleri Bakanl\u0131\u011f\u0131, Asayi\u015f G\u00fcvenli\u011fi \u015eubesi ve di\u011fer aktif hizmet b\u00f6l\u00fcmlerinin vatan ve vatanda\u015f\u0131n g\u00fcvenli\u011fini tehdit edecek tehlikelere kar\u015f\u0131 haftan\u0131n yedi g\u00fcn\u00fc 24 saat s\u00fcresince g\u00f6reve haz\u0131r bir \u015fekilde bekledi\u011fini beyan etti.<\/p>\n<p>Bakanl\u0131k bug\u00fcn yay\u0131nlad\u0131\u011f\u0131 ve SANA\u2019ya bir n\u00fcshas\u0131 ula\u015ft\u0131r\u0131lan beyanda; vatanda\u015flar\u0131n can ve mal g\u00fcvenli\u011finin sa\u011flanmas\u0131 amac\u0131yla g\u00fcvenlik devriyelerinin kent merkezlerinde ve ana caddelerde dola\u015facaklar\u0131 ifade edildi.<\/p>\n<p>Beyanda ayr\u0131ca vatanda\u015flar\u0131n tan\u0131k ya da maruz olduklar\u0131 olaylarla ilgili \u015fikayetlerini bakanl\u0131\u011f\u0131n tahsis etti\u011fi 130 nolu santrale ula\u015ft\u0131rabilecekleri belirtildi.<\/p>\n","protected":false},"excerpt":{"rendered":"<p>\u015eAM \u2013 \u0130\u00e7i\u015fleri Bakanl\u0131\u011f\u0131, Asayi\u015f G\u00fcvenli\u011fi \u015eubesi ve di\u011fer aktif hizmet b\u00f6l\u00fcmlerinin vatan ve vatanda\u015f\u0131n g\u00fcvenli\u011fini tehdit edecek tehlikelere kar\u015f\u0131 haftan\u0131n yedi g\u00fcn\u00fc 24 saat s\u00fcresince g\u00f6reve haz\u0131r bir \u015fekilde bekledi\u011fini beyan etti. Bakanl\u0131k bug\u00fcn yay\u0131nlad\u0131\u011f\u0131 ve SANA\u2019ya bir n\u00fcshas\u0131 ula\u015ft\u0131r\u0131lan beyanda; vatanda\u015flar\u0131n can ve mal g\u00fcvenli\u011finin sa\u011flanmas\u0131 amac\u0131yla g\u00fcvenlik devriyelerinin kent merkezlerinde ve ana &hellip;<\/p>\n","protected":false},"author":1,"featured_media":6011,"comment_status":"closed","ping_status":"closed","sticky":false,"template":"","format":"standard","meta":{"footnotes":""},"categories":[479,447,478],"tags":[1329],"class_list":["post-6010","post","type-post","status-publish","format-standard","has-post-thumbnail","","category-haberler-yerel","category-politika","category-yerel","tag-icisleri-bakanligi-asayis-guvenligi-724-goreve-hazir-bekliyor"],"_links":{"self":[{"href":"https:\/\/archive.sana.sy\/tr\/index.php?rest_route=\/wp\/v2\/posts\/6010","targetHints":{"allow":["GET"]}}],"collection":[{"href":"https:\/\/archive.sana.sy\/tr\/index.php?rest_route=\/wp\/v2\/posts"}],"about":[{"href":"https:\/\/archive.sana.sy\/tr\/index.php?rest_route=\/wp\/v2\/types\/post"}],"author":[{"embeddable":true,"href":"https:\/\/archive.sana.sy\/tr\/index.php?rest_route=\/wp\/v2\/users\/1"}],"replies":[{"embeddable":true,"href":"https:\/\/archive.sana.sy\/tr\/index.php?rest_route=%2Fwp%2Fv2%2Fcomments&post=6010"}],"version-history":[{"count":0,"href":"https:\/\/archive.sana.sy\/tr\/index.php?rest_route=\/wp\/v2\/posts\/6010\/revisions"}],"wp:featuredmedia":[{"embeddable":true,"href":"https:\/\/archive.sana.sy\/tr\/index.php?rest_route=\/wp\/v2\/media\/6011"}],"wp:attachment":[{"href":"https:\/\/archive.sana.sy\/tr\/index.php?rest_route=%2Fwp%2Fv2%2Fmedia&parent=6010"}],"wp:term":[{"taxonomy":"category","embeddable":true,"href":"https:\/\/archive.sana.sy\/tr\/index.php?rest_route=%2Fwp%2Fv2%2Fcategories&post=6010"},{"taxonomy":"post_tag","embeddable":true,"href":"https:\/\/archive.sana.sy\/tr\/index.php?rest_route=%2Fwp%2Fv2%2Ftags&post=6010"}],"curies":[{"name":"wp","href":"https:\/\/api.w.org\/{rel}","templated":true}]}}