{"id":60105,"date":"2016-02-03T19:55:58","date_gmt":"2016-02-03T17:55:58","guid":{"rendered":"http:\/\/www.sana.sy\/tr\/?p=60105"},"modified":"2016-02-03T21:17:40","modified_gmt":"2016-02-03T19:17:40","slug":"bm-genel-sekreterinin-suriye-ozel-temsilcisi-staffan-de-mistura-suriyeliler-arasinda-cenevrede-yapilan-dolayli-diyalog-gorusmelerinin-25-subat-tarihine-dek-devam-edecegini-ilan-etti%e2%80%8f","status":"publish","type":"post","link":"https:\/\/archive.sana.sy\/tr\/?p=60105","title":{"rendered":"BM genel sekreterinin Suriye \u00f6zel temsilcisi Staffan de Mistura Suriyeliler aras\u0131nda Cenevre&#8217;de yap\u0131lan dolayl\u0131 diyalog g\u00f6r\u00fc\u015fmelerinin 25 \u015eubat tarihine dek ask\u0131ya al\u0131nd\u0131\u011f\u0131n\u0131 ilan etti\u200f"},"content":{"rendered":"<p>BM genel sekreterinin Suriye \u00f6zel temsilcisi Staffan de Mistura Suriyeliler aras\u0131nda Cenevre&#8217;de yap\u0131lan dolayl\u0131 diyalog g\u00f6r\u00fc\u015fmelerinin 25 \u015eubat tarihine dek ask\u0131ya al\u0131nd\u0131\u011f\u0131n\u0131 ilan etti\u200f<\/p>\n","protected":false},"excerpt":{"rendered":"<p>BM genel sekreterinin Suriye \u00f6zel temsilcisi Staffan de Mistura Suriyeliler aras\u0131nda Cenevre&#8217;de yap\u0131lan dolayl\u0131 diyalog g\u00f6r\u00fc\u015fmelerinin 25 \u015eubat tarihine dek ask\u0131ya al\u0131nd\u0131\u011f\u0131n\u0131 ilan etti\u200f<\/p>\n","protected":false},"author":1,"featured_media":0,"comment_status":"closed","ping_status":"closed","sticky":false,"template":"","format":"standard","meta":{"footnotes":""},"categories":[17991],"tags":[],"class_list":["post-60105","post","type-post","status-publish","format-standard","","category-son-dakika"],"_links":{"self":[{"href":"https:\/\/archive.sana.sy\/tr\/index.php?rest_route=\/wp\/v2\/posts\/60105","targetHints":{"allow":["GET"]}}],"collection":[{"href":"https:\/\/archive.sana.sy\/tr\/index.php?rest_route=\/wp\/v2\/posts"}],"about":[{"href":"https:\/\/archive.sana.sy\/tr\/index.php?rest_route=\/wp\/v2\/types\/post"}],"author":[{"embeddable":true,"href":"https:\/\/archive.sana.sy\/tr\/index.php?rest_route=\/wp\/v2\/users\/1"}],"replies":[{"embeddable":true,"href":"https:\/\/archive.sana.sy\/tr\/index.php?rest_route=%2Fwp%2Fv2%2Fcomments&post=60105"}],"version-history":[{"count":0,"href":"https:\/\/archive.sana.sy\/tr\/index.php?rest_route=\/wp\/v2\/posts\/60105\/revisions"}],"wp:attachment":[{"href":"https:\/\/archive.sana.sy\/tr\/index.php?rest_route=%2Fwp%2Fv2%2Fmedia&parent=60105"}],"wp:term":[{"taxonomy":"category","embeddable":true,"href":"https:\/\/archive.sana.sy\/tr\/index.php?rest_route=%2Fwp%2Fv2%2Fcategories&post=60105"},{"taxonomy":"post_tag","embeddable":true,"href":"https:\/\/archive.sana.sy\/tr\/index.php?rest_route=%2Fwp%2Fv2%2Ftags&post=60105"}],"curies":[{"name":"wp","href":"https:\/\/api.w.org\/{rel}","templated":true}]}}