{"id":60110,"date":"2016-02-03T20:06:31","date_gmt":"2016-02-03T18:06:31","guid":{"rendered":"http:\/\/www.sana.sy\/tr\/?p=60110"},"modified":"2016-02-03T20:06:31","modified_gmt":"2016-02-03T18:06:31","slug":"askeri-kaynak-hava-guclerimizin-halep-kirsalinin-kuzey-ve-dogusunda-teroristlerin-mevkilerine-karsi-hava-operasyonlarinda-en-az-73-teroristi-oldurup-11-araci-da-imha-ettiklerini-aktardi","status":"publish","type":"post","link":"https:\/\/archive.sana.sy\/tr\/?p=60110","title":{"rendered":"Askeri kaynak; hava g\u00fc\u00e7lerimizin Halep k\u0131rsal\u0131n\u0131n kuzey ve do\u011fusunda ter\u00f6ristlerin mevkilerine kar\u015f\u0131 hava operasyonlar\u0131nda en az 73 ter\u00f6risti \u00f6ld\u00fcr\u00fcp 11 arac\u0131 da imha ettiklerini aktard\u0131"},"content":{"rendered":"<p>Askeri kaynak; hava g\u00fc\u00e7lerimizin Halep k\u0131rsal\u0131n\u0131n kuzey ve do\u011fusunda ter\u00f6ristlerin mevkilerine kar\u015f\u0131 hava operasyonlar\u0131nda en az 73 ter\u00f6risti \u00f6ld\u00fcr\u00fcp 11 arac\u0131 da imha ettiklerini aktard\u0131<\/p>\n","protected":false},"excerpt":{"rendered":"<p>Askeri kaynak; hava g\u00fc\u00e7lerimizin Halep k\u0131rsal\u0131n\u0131n kuzey ve do\u011fusunda ter\u00f6ristlerin mevkilerine kar\u015f\u0131 hava operasyonlar\u0131nda en az 73 ter\u00f6risti \u00f6ld\u00fcr\u00fcp 11 arac\u0131 da imha ettiklerini aktard\u0131<\/p>\n","protected":false},"author":1,"featured_media":0,"comment_status":"closed","ping_status":"closed","sticky":false,"template":"","format":"standard","meta":{"footnotes":""},"categories":[17991],"tags":[],"class_list":["post-60110","post","type-post","status-publish","format-standard","","category-son-dakika"],"_links":{"self":[{"href":"https:\/\/archive.sana.sy\/tr\/index.php?rest_route=\/wp\/v2\/posts\/60110","targetHints":{"allow":["GET"]}}],"collection":[{"href":"https:\/\/archive.sana.sy\/tr\/index.php?rest_route=\/wp\/v2\/posts"}],"about":[{"href":"https:\/\/archive.sana.sy\/tr\/index.php?rest_route=\/wp\/v2\/types\/post"}],"author":[{"embeddable":true,"href":"https:\/\/archive.sana.sy\/tr\/index.php?rest_route=\/wp\/v2\/users\/1"}],"replies":[{"embeddable":true,"href":"https:\/\/archive.sana.sy\/tr\/index.php?rest_route=%2Fwp%2Fv2%2Fcomments&post=60110"}],"version-history":[{"count":0,"href":"https:\/\/archive.sana.sy\/tr\/index.php?rest_route=\/wp\/v2\/posts\/60110\/revisions"}],"wp:attachment":[{"href":"https:\/\/archive.sana.sy\/tr\/index.php?rest_route=%2Fwp%2Fv2%2Fmedia&parent=60110"}],"wp:term":[{"taxonomy":"category","embeddable":true,"href":"https:\/\/archive.sana.sy\/tr\/index.php?rest_route=%2Fwp%2Fv2%2Fcategories&post=60110"},{"taxonomy":"post_tag","embeddable":true,"href":"https:\/\/archive.sana.sy\/tr\/index.php?rest_route=%2Fwp%2Fv2%2Ftags&post=60110"}],"curies":[{"name":"wp","href":"https:\/\/api.w.org\/{rel}","templated":true}]}}