{"id":60119,"date":"2016-02-03T20:23:51","date_gmt":"2016-02-03T18:23:51","guid":{"rendered":"http:\/\/www.sana.sy\/tr\/?p=60119"},"modified":"2016-02-03T20:23:51","modified_gmt":"2016-02-03T18:23:51","slug":"riyad-muhalefeti-heyetinin-gorusmelerden-suudi-arabistanin-talimatlariyla-cekilmesini-aklama-konusunda-de-misturanin-izledigi-tutumu-geceklerden-uzak-olarak-degerle","status":"publish","type":"post","link":"https:\/\/archive.sana.sy\/tr\/?p=60119","title":{"rendered":"\u2018Riyad muhalefeti\u2019 heyetinin g\u00f6r\u00fc\u015fmelerden Suudi Arabistan\u2019\u0131n talimatlar\u0131yla \u00e7ekilmesini aklama konusunda de Mistura\u2019n\u0131n izledi\u011fi tutumu ge\u00e7eklerden uzak olarak de\u011ferlendirdi\u011fini ifade eden Caferi;de Mistura\u2019n\u0131n ger\u00e7ekleri oldu\u011fu gibi izah etmedi\u011fini vurgulad\u0131\u200f"},"content":{"rendered":"<p>\u2018Riyad muhalefeti\u2019 heyetinin g\u00f6r\u00fc\u015fmelerden Suudi Arabistan\u2019\u0131n talimatlar\u0131yla \u00e7ekilmesini aklama konusunda de Mistura\u2019n\u0131n izledi\u011fi tutumu ge\u00e7eklerden uzak olarak de\u011ferlendirdi\u011fini ifade eden Caferi;de Mistura\u2019n\u0131n ger\u00e7ekleri oldu\u011fu gibi izah etmedi\u011fini vurgulad\u0131\u200f<\/p>\n","protected":false},"excerpt":{"rendered":"<p>\u2018Riyad muhalefeti\u2019 heyetinin g\u00f6r\u00fc\u015fmelerden Suudi Arabistan\u2019\u0131n talimatlar\u0131yla \u00e7ekilmesini aklama konusunda de Mistura\u2019n\u0131n izledi\u011fi tutumu ge\u00e7eklerden uzak olarak de\u011ferlendirdi\u011fini ifade eden Caferi;de Mistura\u2019n\u0131n ger\u00e7ekleri oldu\u011fu gibi izah etmedi\u011fini vurgulad\u0131\u200f<\/p>\n","protected":false},"author":1,"featured_media":0,"comment_status":"closed","ping_status":"closed","sticky":false,"template":"","format":"standard","meta":{"footnotes":""},"categories":[17991],"tags":[],"class_list":["post-60119","post","type-post","status-publish","format-standard","","category-son-dakika"],"_links":{"self":[{"href":"https:\/\/archive.sana.sy\/tr\/index.php?rest_route=\/wp\/v2\/posts\/60119","targetHints":{"allow":["GET"]}}],"collection":[{"href":"https:\/\/archive.sana.sy\/tr\/index.php?rest_route=\/wp\/v2\/posts"}],"about":[{"href":"https:\/\/archive.sana.sy\/tr\/index.php?rest_route=\/wp\/v2\/types\/post"}],"author":[{"embeddable":true,"href":"https:\/\/archive.sana.sy\/tr\/index.php?rest_route=\/wp\/v2\/users\/1"}],"replies":[{"embeddable":true,"href":"https:\/\/archive.sana.sy\/tr\/index.php?rest_route=%2Fwp%2Fv2%2Fcomments&post=60119"}],"version-history":[{"count":0,"href":"https:\/\/archive.sana.sy\/tr\/index.php?rest_route=\/wp\/v2\/posts\/60119\/revisions"}],"wp:attachment":[{"href":"https:\/\/archive.sana.sy\/tr\/index.php?rest_route=%2Fwp%2Fv2%2Fmedia&parent=60119"}],"wp:term":[{"taxonomy":"category","embeddable":true,"href":"https:\/\/archive.sana.sy\/tr\/index.php?rest_route=%2Fwp%2Fv2%2Fcategories&post=60119"},{"taxonomy":"post_tag","embeddable":true,"href":"https:\/\/archive.sana.sy\/tr\/index.php?rest_route=%2Fwp%2Fv2%2Ftags&post=60119"}],"curies":[{"name":"wp","href":"https:\/\/api.w.org\/{rel}","templated":true}]}}