{"id":60123,"date":"2016-02-03T23:59:02","date_gmt":"2016-02-03T21:59:02","guid":{"rendered":"http:\/\/www.sana.sy\/tr\/?p=60123"},"modified":"2016-02-04T21:00:51","modified_gmt":"2016-02-04T19:00:51","slug":"sebep-diger-heyetin-gec-gelmesi-ve-sabote-etme-yonunde-aldigi-talimatlardir","status":"publish","type":"post","link":"https:\/\/archive.sana.sy\/tr\/?p=60123","title":{"rendered":"Sebep Di\u011fer Heyetin Ge\u00e7 Gelmesi ve Sabote Etme Y\u00f6n\u00fcnde Ald\u0131\u011f\u0131 Talimatlard\u0131r(video)"},"content":{"rendered":"<p>CENEVRE \u2013 Cenevre&#8217;de BM g\u00f6zetimi alt\u0131nda Suriyeliler aras\u0131nda yap\u0131lan diyalog g\u00f6r\u00fc\u015fmelerinde Suriye Arap Cumhuriyeti heyetinin ba\u015fkan\u0131 Be\u015f\u015far el Caferi yapt\u0131\u011f\u0131 bas\u0131n a\u00e7\u0131klamas\u0131nda; di\u011fer heyetin Cenevre&#8217;ye kararla\u015ft\u0131r\u0131lan tarihten d\u00f6rt g\u00fcn sonra ula\u015ft\u0131\u011f\u0131na dikkat \u00e7ekti.<\/p>\n<p><a href=\"http:\/\/www.sana.sy\/tr\/wp-content\/uploads\/2016\/02\/caferi-2.jpg\" rel=\"attachment wp-att-60184\"><img loading=\"lazy\" decoding=\"async\" class=\"alignright wp-image-60184 size-medium\" src=\"http:\/\/www.sana.sy\/tr\/wp-content\/uploads\/2016\/02\/caferi-2-300x200.jpg\" alt=\"Be\u015f\u015far el Caferi\" width=\"300\" height=\"200\" srcset=\"https:\/\/archive.sana.sy\/tr\/wp-content\/uploads\/2016\/02\/caferi-2-300x200.jpg 300w, https:\/\/archive.sana.sy\/tr\/wp-content\/uploads\/2016\/02\/caferi-2-150x100.jpg 150w, https:\/\/archive.sana.sy\/tr\/wp-content\/uploads\/2016\/02\/caferi-2.jpg 660w\" sizes=\"auto, (max-width: 300px) 100vw, 300px\" \/><\/a>Caferi kararla\u015ft\u0131r\u0131lan tarihe d\u00f6rt g\u00fcn ge\u00e7 gelen kar\u015f\u0131 heyetin Cenevre&#8217;ye ula\u015f\u0131r ula\u015fmaz \u00f6nko\u015fullar \u00f6ne s\u00fcrmekle birlikte dolayl\u0131 diyalog g\u00f6r\u00fc\u015fmelerine kat\u0131lma konusunda BM Suriye \u00f6zel temsilcisi Staffan de Mistura ile herhangi bir ciddi temasa girmeyi reddetti\u011fini belirtti.<\/p>\n<p>\u2018Riyad muhalefeti\u2019 heyetinin g\u00f6r\u00fc\u015fmelerden Suudi Arabistan\u2019\u0131n talimatlar\u0131yla \u00e7ekilmesini aklama konusunda de Mistura\u2019n\u0131n izledi\u011fi tutumu ge\u00e7eklerden uzak olarak de\u011ferlendirdi\u011fini ifade eden Caferi;de Mistura\u2019n\u0131n ger\u00e7ekleri oldu\u011fu gibi izah etmedi\u011fini vurgulad\u0131.<\/p>\n<p>Caferi Suriyeliler aras\u0131ndaki dolayl\u0131 diyalog g\u00f6r\u00fc\u015fmelerinin \u015fu ana dek resmi olarak ba\u015flamamas\u0131n\u0131n nedeninin di\u011fer heyetin Cenevre&#8217;ye ge\u00e7 gelmesi ve bu heyetin patronlar\u0131ndan Cenevre g\u00f6r\u00fc\u015fmelerini sabote etme y\u00f6n\u00fcnde ald\u0131klar\u0131 talimatlar nedeniyle oldu\u011funun alt\u0131n\u0131 \u00e7izdi.<\/p>\n<p>Cenevre&#8217;de Suriyeliler aras\u0131nda dolayl\u0131 g\u00f6r\u00fc\u015fmelerde Suriye Arap Cumhuriyeti heyetinin ba\u015fkan\u0131 Caferi; heyetin Cenevre&#8217;ye gelmeden \u00f6nce en ba\u015fta kimin ter\u00f6rist kimin muhalif oldu\u011funu belirleme olmak \u00fczere bir dizi icraatsal meselelerin bulundu\u011funa dikkat \u00e7ekti. Caferi; fakat de Mistura\u2019n\u0131n bir meseleden daha s\u00f6z etmekten uzak kald\u0131\u011f\u0131n\u0131 belirtirken, \u2018Riyad heyetinin\u2019 bu g\u00fcn sabah saatlerinde Cenevre&#8217;den \u00e7ekilme karar\u0131 ald\u0131\u011f\u0131ndan s\u00f6z etmedi\u011fini ifade etti.<\/p>\n<p>Heyet ba\u015fkan\u0131 Caferi; Riyad grubunun bulundu\u011fu bu davran\u0131\u015f hakk\u0131nda s\u00f6ylenebilecek en basit s\u00f6z\u00fcn sorumsuzluk ve ciddiyetsizlik oldu\u011funu vurgulad\u0131. Riyad heyetinin Cenevre&#8217;ye T\u00fcrkiye, Suudi Arabistan ve Katar rejimlerinin karar\u0131yla geldi\u011fine dikkat \u00e7eken Caferi; ba\u015ftan beri Suriyeliler aras\u0131nda dolayl\u0131 diyalog g\u00f6r\u00fc\u015fmelerini sabote etmeye \u00e7al\u0131\u015ft\u0131\u011f\u0131n\u0131n alt\u0131n\u0131 \u00e7izdi.<\/p>\n<p><a href=\"http:\/\/www.sana.sy\/tr\/wp-content\/uploads\/2016\/02\/caferi-3.jpg\" rel=\"attachment wp-att-60185\"><img loading=\"lazy\" decoding=\"async\" class=\"alignright wp-image-60185 size-medium\" src=\"http:\/\/www.sana.sy\/tr\/wp-content\/uploads\/2016\/02\/caferi-3-300x194.jpg\" alt=\"Be\u015f\u015far el Caferi\" width=\"300\" height=\"194\" srcset=\"https:\/\/archive.sana.sy\/tr\/wp-content\/uploads\/2016\/02\/caferi-3-300x194.jpg 300w, https:\/\/archive.sana.sy\/tr\/wp-content\/uploads\/2016\/02\/caferi-3-150x97.jpg 150w, https:\/\/archive.sana.sy\/tr\/wp-content\/uploads\/2016\/02\/caferi-3.jpg 660w\" sizes=\"auto, (max-width: 300px) 100vw, 300px\" \/><\/a>Riyad heyetinin gere\u011finden fazla nazland\u0131r\u0131ld\u0131\u011f\u0131na i\u015faret eden Caferi; Suriye Arap Cumhuriyeti heyetinin Cenevre&#8217;de muhalefet \u015fahsiyetleri de\u011fil de, d\u0131\u015f g\u00fc\u00e7ler ve taraflarca emir alan gruplarla kar\u015f\u0131 kar\u015f\u0131ya oldu\u011funu belirtti.<\/p>\n<p>Caferi Suriye Arap Cumhuriyeti heyetinin Cenevre&#8217;de t\u00fcm d\u00fcnyaya ciddiyetini, dakikli\u011fini, ba\u011fl\u0131l\u0131\u011f\u0131n\u0131 ve sorumluluklar\u0131n\u0131 kan\u0131tlad\u0131\u011f\u0131n\u0131n alt\u0131n\u0131 \u00e7izdi. Suriye heyetinin diplomaside profesyonel oldu\u011funu belirten Caferi; bir \u00e7al\u0131\u015fma program\u0131n\u0131n belirlenmesinin yan\u0131 s\u0131ra kimin ter\u00f6rist kimin de muhalefet oldu\u011funun bilinmesi gere\u011finin alt\u0131n\u0131 \u00e7izdi.<\/p>\n<p>Caferi \u00f6n\u00fcm\u00fczdeki 3 hafta i\u00e7inde cereyan edenlerin de\u011ferlendirilmesi ve uygun kararlar\u0131n al\u0131nmas\u0131 gerekti\u011fini belirtti.<\/p>\n<p>Riyad muhalefeti heyetinin Halep k\u0131rsal\u0131nda N\u00fcbbul ve Zehra beldelerine ter\u00f6r ablukas\u0131n\u0131n Suriye ordusu taraf\u0131ndan kald\u0131r\u0131lmas\u0131 ve iki belde ahalisine insani yard\u0131mlar\u0131n ge\u00e7irilmesi ard\u0131ndan Cenevre&#8217;den ayr\u0131lma karar\u0131 ald\u0131klar\u0131na dikkat \u00e7eken Caferi; bunun ne anlama geldi\u011fine dikkat \u00e7ekti.<\/p>\n<p>Suriye h\u00fck\u00fcmetinin Madaya, Muaddamiye, Tel, Kefrayya ve Fua beldelerine insani yard\u0131mlar\u0131n ge\u00e7irilmesine izin verdi\u011fini belirten Caferi; bu yard\u0131mlar\u0131n kimsenin bask\u0131s\u0131 yada ko\u015fulu kapsam\u0131nda de\u011fil de Suriye h\u00fck\u00fcmetinin Suriye&#8217;nin her kar\u0131\u015f topra\u011f\u0131nda ter\u00f6ristler taraf\u0131ndan ablukaya al\u0131nan veya canl\u0131 kalkan olarak kullan\u0131lan vatanda\u015flar\u0131na g\u00f6sterdi\u011fi \u00f6zen ve duydu\u011fu sorumluluk kapsam\u0131nda g\u00f6nderildi\u011finin alt\u0131n\u0131 \u00e7izdi.<\/p>\n<div id=\":ek.ma\" class=\"Mu SP\" title=\"\u0663\u200f\/\u0662\u200f\/\u0662\u0660\u0661\u0666 \u0669:\u0662\u0669 \u0645\"><span id=\":ek.co\" class=\"tL8wMe xAWnQc\" dir=\"ltr\"><span dir=\"ltr\">Bu arada BM genel sekreterinin Suriye \u00f6zel temsilcisi Staffan de Mistura Suriyeliler aras\u0131nda Cenevre&#8217;de yap\u0131lan dolayl\u0131 diyalog g\u00f6r\u00fc\u015fmelerinin 25 \u015eubat tarihine dek ask\u0131ya al\u0131nd\u0131\u011f\u0131n\u0131 ilan etmi\u015fti.<\/span><\/span><\/div>\n<div class=\"Mu SP\" title=\"\u0663\u200f\/\u0662\u200f\/\u0662\u0660\u0661\u0666 \u0669:\u0662\u0669 \u0645\">\n<p>\u0130nsani durumlar konusunda kimsenin Suriye h\u00fck\u00fcmeti kadar bu meseleye \u00f6zen g\u00f6sterdi\u011fini iddia edemeyece\u011finin alt\u0131n\u0131 \u00e7izen Caferi; bu durumu de Mistura\u2019ya izah ettiklerini s\u00f6yledi. Caferi Suriye h\u00fck\u00fcmetinin kimseye minnet etmeden vatanda\u015flar\u0131na duydu\u011fu \u00f6zen ve sorumluluk \u00e7er\u00e7evesinde insani yard\u0131mlar\u0131n %75\u2019inden fazlas\u0131n\u0131 kendi ba\u015f\u0131na yapt\u0131\u011f\u0131na dikkat \u00e7ekti. \u0130nsani durumlar\u0131 politikle\u015ftirip propaganda yapan devletlerin insani yard\u0131mlarda bulunmay\u0131 reddetmekle kalmad\u0131klar\u0131na dikkat \u00e7eken Caferi; ayn\u0131 zamanda emirleri alt\u0131ndaki ter\u00f6r \u00f6rg\u00fctlerine de insani yard\u0131m konvoylar\u0131na sald\u0131rma ve gasp etmekle birlikte halka dayatmalarda bulunmalar\u0131 talimatlar\u0131 verdiklerini ifade etti.<\/p>\n<p>Suriye&#8217;nin i\u00e7inde tehcir edilen yakla\u015f\u0131k alt\u0131 miyon insan konusunda ise Caferi; bu insanlar\u0131n iddia edildi\u011fi gibi devletin kontrol\u00fc alt\u0131ndaki b\u00f6lgelerden de\u011fil, ter\u00f6ristlerin bulunduklar\u0131 b\u00f6lgelerden ka\u00e7t\u0131klar\u0131n\u0131 belirtti. Caferi bunlar\u0131n bir k\u0131sm\u0131n\u0131n silahl\u0131lar\u0131n ailelerinden olduklar\u0131na da vurgu yapt\u0131.<\/p>\n<p>Caferi de Mistura\u2019n\u0131n g\u00f6r\u00fc\u015fmeleri 25 \u015eubat tarihine dek ask\u0131ya almas\u0131n\u0131n elinde olmayan nedenlerden dolay\u0131 geldi\u011fine dikkat \u00e7ekti. De Mistura\u2019n\u0131n T\u00fcrkiye, Suudi Arabistan, Katar, ABD ve Avrupal\u0131 kimi devletler taraf\u0131ndan maruz kald\u0131\u011f\u0131 bask\u0131lara dikkat \u00e7eken Caferi; de Mistura\u2019n\u0131n zor bir durumda kald\u0131\u011f\u0131n\u0131 ve \u00e7\u0131k\u0131\u015f yolunu g\u00f6r\u00fc\u015fmeleri ask\u0131ya almakta buldu\u011funu ifade etti.<\/p>\n<p>Cenevre&#8217;de bulunan muhalefet gruplar\u0131 aras\u0131nda yurtsever Suriyeli taraflar\u0131n bulundu\u011funa dikkat \u00e7eken Caferi; BM taraf\u0131ndan kimsenin bu taraflarla hi\u00e7bir ileti\u015fimde bulunmad\u0131\u011f\u0131na vurgu yapt\u0131. Caferi ba\u015fta T\u00fcrkiye ve Suudi rejimleri olmak \u00fczere d\u0131\u015f g\u00fc\u00e7lerin sadece Riyad muhalefetine odakland\u0131klar\u0131n\u0131 s\u00f6yledi.<\/p>\n<p>Caferi her \u015feye ra\u011fmen sonu\u00e7 itibar\u0131yla g\u00f6r\u00fc\u015fmelerin ba\u015far\u0131l\u0131 olmas\u0131 i\u00e7in g\u00fcndemin a\u00e7\u0131k ve net olmas\u0131 gere\u011finin yan\u0131 s\u0131ra kimlerin bu g\u00f6r\u00fc\u015fmelere kat\u0131laca\u011f\u0131, ter\u00f6ristlerin muhaliflerden ayr\u0131lmalar\u0131 gere\u011finin alt\u0131n\u0131 \u00e7izdi. Caferi ayn\u0131 zamanda yap\u0131lacak g\u00f6r\u00fc\u015fmelere kat\u0131lacak taraflar\u0131n d\u0131\u015f g\u00fc\u00e7lerin kuklas\u0131 de\u011fil de h\u00fcr ve yurtsever bir iradeye sahip olmalar\u0131 gerekti\u011fine dikkat \u00e7ekti. Cenevre&#8217;ye geri d\u00f6n\u00fc\u015f\u00fcn diplomatik yollarla tart\u0131\u015f\u0131laca\u011f\u0131n\u0131 belirten Caferi; ba\u015fkent \u015eam\u2019\u0131n da bu konuda nihai karar\u0131 verece\u011finin alt\u0131n\u0131 \u00e7izdi.<\/p>\n<p>https:\/\/www.youtube.com\/watch?v=cvcxxkfjv2E<\/p>\n<p><span id=\":ek.co\" class=\"tL8wMe xAWnQc\" dir=\"ltr\">R.H.\u200f<\/span><\/p>\n<\/div>\n<div id=\":el.ma\" class=\"Mu SP\"><\/div>\n","protected":false},"excerpt":{"rendered":"<p>CENEVRE \u2013 Cenevre&#8217;de BM g\u00f6zetimi alt\u0131nda Suriyeliler aras\u0131nda yap\u0131lan diyalog g\u00f6r\u00fc\u015fmelerinde Suriye Arap Cumhuriyeti heyetinin ba\u015fkan\u0131 Be\u015f\u015far el Caferi yapt\u0131\u011f\u0131 bas\u0131n a\u00e7\u0131klamas\u0131nda; di\u011fer heyetin Cenevre&#8217;ye kararla\u015ft\u0131r\u0131lan tarihten d\u00f6rt g\u00fcn sonra ula\u015ft\u0131\u011f\u0131na dikkat \u00e7ekti. Caferi kararla\u015ft\u0131r\u0131lan tarihe d\u00f6rt g\u00fcn ge\u00e7 gelen kar\u015f\u0131 heyetin Cenevre&#8217;ye ula\u015f\u0131r ula\u015fmaz \u00f6nko\u015fullar \u00f6ne s\u00fcrmekle birlikte dolayl\u0131 diyalog g\u00f6r\u00fc\u015fmelerine kat\u0131lma konusunda BM &hellip;<\/p>\n","protected":false},"author":1,"featured_media":60183,"comment_status":"closed","ping_status":"closed","sticky":false,"template":"","format":"standard","meta":{"footnotes":""},"categories":[458,459],"tags":[18867,18473,18988,18499],"class_list":["post-60123","post","type-post","status-publish","format-standard","has-post-thumbnail","","category-dunya1","category-haberler-arap-uluslararasi-politika","tag-bessar-el-caferi","tag-cenevre-gorusmeleri","tag-sebep-diger-heyetin-gec-gelmesi-ve-sabote-etme-yonunde-aldigi-talimatlardir","tag-suriye-muhalefeti"],"_links":{"self":[{"href":"https:\/\/archive.sana.sy\/tr\/index.php?rest_route=\/wp\/v2\/posts\/60123","targetHints":{"allow":["GET"]}}],"collection":[{"href":"https:\/\/archive.sana.sy\/tr\/index.php?rest_route=\/wp\/v2\/posts"}],"about":[{"href":"https:\/\/archive.sana.sy\/tr\/index.php?rest_route=\/wp\/v2\/types\/post"}],"author":[{"embeddable":true,"href":"https:\/\/archive.sana.sy\/tr\/index.php?rest_route=\/wp\/v2\/users\/1"}],"replies":[{"embeddable":true,"href":"https:\/\/archive.sana.sy\/tr\/index.php?rest_route=%2Fwp%2Fv2%2Fcomments&post=60123"}],"version-history":[{"count":0,"href":"https:\/\/archive.sana.sy\/tr\/index.php?rest_route=\/wp\/v2\/posts\/60123\/revisions"}],"wp:featuredmedia":[{"embeddable":true,"href":"https:\/\/archive.sana.sy\/tr\/index.php?rest_route=\/wp\/v2\/media\/60183"}],"wp:attachment":[{"href":"https:\/\/archive.sana.sy\/tr\/index.php?rest_route=%2Fwp%2Fv2%2Fmedia&parent=60123"}],"wp:term":[{"taxonomy":"category","embeddable":true,"href":"https:\/\/archive.sana.sy\/tr\/index.php?rest_route=%2Fwp%2Fv2%2Fcategories&post=60123"},{"taxonomy":"post_tag","embeddable":true,"href":"https:\/\/archive.sana.sy\/tr\/index.php?rest_route=%2Fwp%2Fv2%2Ftags&post=60123"}],"curies":[{"name":"wp","href":"https:\/\/api.w.org\/{rel}","templated":true}]}}