{"id":60133,"date":"2016-02-03T20:46:14","date_gmt":"2016-02-03T18:46:14","guid":{"rendered":"http:\/\/www.sana.sy\/tr\/?p=60133"},"modified":"2016-02-04T18:33:58","modified_gmt":"2016-02-04T16:33:58","slug":"suriyenin-teror-ve-destekcilerine-karsi-oldugu-yonunde-bir-mesajdir","status":"publish","type":"post","link":"https:\/\/archive.sana.sy\/tr\/?p=60133","title":{"rendered":"Suriye&#8217;nin Ter\u00f6r ve Destek\u00e7ilerine Kar\u015f\u0131 Oldu\u011fu Y\u00f6n\u00fcnde Bir Mesajd\u0131r (video)"},"content":{"rendered":"<p>\u015eAM \u2013 Ordu ve Silahl\u0131 Kuvvetler Genel Komutanl\u0131\u011f\u0131; ordu birliklerimizin Halep k\u0131rsal\u0131n\u0131n kuzeyinde N\u00fcbbul ve Zehra beldelerini ter\u00f6r ablukas\u0131ndan kurtarmas\u0131n\u0131n; T\u00fcrkiye ile Halep ve k\u0131rsal\u0131na giden destek hatlar\u0131n\u0131 kesmesi nedeniyle b\u00fcy\u00fck ve stratejik bir ba\u015far\u0131 niteli\u011fi ta\u015f\u0131d\u0131\u011f\u0131n\u0131 belirtti.<\/p>\n<p>Ordu ve Silahl\u0131 Kuvvetler Genel Komutanl\u0131\u011f\u0131 s\u00f6zc\u00fcs\u00fc bug\u00fcn SANA\u2019ya yapt\u0131\u011f\u0131 a\u00e7\u0131klamada d\u00f6rt y\u0131ldan fazla s\u00fcredir iki beldeye uygulanan ablukan\u0131n kald\u0131r\u0131lmas\u0131n\u0131n, Halep k\u0131rsal\u0131n\u0131n geri kalan\u0131nda ter\u00f6r\u00fcn tamamen yok edilmesinde temel bir dayanak te\u015fkil edece\u011fi gibi, ter\u00f6rist plan ve destek\u00e7ilerine de b\u00fcy\u00fck bir darbe say\u0131ld\u0131\u011f\u0131n\u0131n alt\u0131n\u0131 \u00e7izdi.<\/p>\n<p>N\u00fcbbul ve Zehra ahalisinin ter\u00f6r \u00f6rg\u00fctleri ve destek\u00e7ilerine kar\u015f\u0131 sergiledikleri kahramanca direni\u015fin t\u00fcm Suriye halk\u0131na olumlu yans\u0131d\u0131\u011f\u0131n\u0131 belirten askeri s\u00f6zc\u00fc; Suriye&#8217;nin ter\u00f6r ve destek\u00e7ilerine kar\u015f\u0131 asi oldu\u011fu y\u00f6n\u00fcnde t\u00fcm ter\u00f6r \u00f6rg\u00fctleri ve onlar\u0131 y\u00f6nlendirip destekleyenlere canl\u0131 bir mesaj niteli\u011fi ta\u015f\u0131d\u0131\u011f\u0131n\u0131 s\u00f6yledi.<\/p>\n<p>Askeri s\u00f6zc\u00fc ordu birliklerimizin vatan\u0131n her kar\u0131\u015f topra\u011f\u0131n\u0131 ter\u00f6rden temizleme ahdini bir kez daha yinelerken; Suriye ve halk\u0131na kar\u015f\u0131 silah ta\u015f\u0131yan ve onlar\u0131 destekleyenlerin yolunun Suriye&#8217;de kapal\u0131 oldu\u011funu vurgulad\u0131.<\/p>\n<p>https:\/\/www.youtube.com\/watch?v=UZGLg9QMrPM<\/p>\n","protected":false},"excerpt":{"rendered":"<p>\u015eAM \u2013 Ordu ve Silahl\u0131 Kuvvetler Genel Komutanl\u0131\u011f\u0131; ordu birliklerimizin Halep k\u0131rsal\u0131n\u0131n kuzeyinde N\u00fcbbul ve Zehra beldelerini ter\u00f6r ablukas\u0131ndan kurtarmas\u0131n\u0131n; T\u00fcrkiye ile Halep ve k\u0131rsal\u0131na giden destek hatlar\u0131n\u0131 kesmesi nedeniyle b\u00fcy\u00fck ve stratejik bir ba\u015far\u0131 niteli\u011fi ta\u015f\u0131d\u0131\u011f\u0131n\u0131 belirtti. Ordu ve Silahl\u0131 Kuvvetler Genel Komutanl\u0131\u011f\u0131 s\u00f6zc\u00fcs\u00fc bug\u00fcn SANA\u2019ya yapt\u0131\u011f\u0131 a\u00e7\u0131klamada d\u00f6rt y\u0131ldan fazla s\u00fcredir iki beldeye &hellip;<\/p>\n","protected":false},"author":1,"featured_media":59179,"comment_status":"closed","ping_status":"closed","sticky":false,"template":"","format":"standard","meta":{"footnotes":""},"categories":[479,575,17988,478],"tags":[18989],"class_list":["post-60133","post","type-post","status-publish","format-standard","has-post-thumbnail","","category-haberler-yerel","category-olaylar-ve-gercekler","category-son-haberler","category-yerel","tag-suriyenin-teror-ve-destekcilerine-karsi-oldugu-yonunde-bir-mesajdir"],"_links":{"self":[{"href":"https:\/\/archive.sana.sy\/tr\/index.php?rest_route=\/wp\/v2\/posts\/60133","targetHints":{"allow":["GET"]}}],"collection":[{"href":"https:\/\/archive.sana.sy\/tr\/index.php?rest_route=\/wp\/v2\/posts"}],"about":[{"href":"https:\/\/archive.sana.sy\/tr\/index.php?rest_route=\/wp\/v2\/types\/post"}],"author":[{"embeddable":true,"href":"https:\/\/archive.sana.sy\/tr\/index.php?rest_route=\/wp\/v2\/users\/1"}],"replies":[{"embeddable":true,"href":"https:\/\/archive.sana.sy\/tr\/index.php?rest_route=%2Fwp%2Fv2%2Fcomments&post=60133"}],"version-history":[{"count":0,"href":"https:\/\/archive.sana.sy\/tr\/index.php?rest_route=\/wp\/v2\/posts\/60133\/revisions"}],"wp:featuredmedia":[{"embeddable":true,"href":"https:\/\/archive.sana.sy\/tr\/index.php?rest_route=\/wp\/v2\/media\/59179"}],"wp:attachment":[{"href":"https:\/\/archive.sana.sy\/tr\/index.php?rest_route=%2Fwp%2Fv2%2Fmedia&parent=60133"}],"wp:term":[{"taxonomy":"category","embeddable":true,"href":"https:\/\/archive.sana.sy\/tr\/index.php?rest_route=%2Fwp%2Fv2%2Fcategories&post=60133"},{"taxonomy":"post_tag","embeddable":true,"href":"https:\/\/archive.sana.sy\/tr\/index.php?rest_route=%2Fwp%2Fv2%2Ftags&post=60133"}],"curies":[{"name":"wp","href":"https:\/\/api.w.org\/{rel}","templated":true}]}}