{"id":60151,"date":"2016-02-03T21:22:29","date_gmt":"2016-02-03T19:22:29","guid":{"rendered":"http:\/\/www.sana.sy\/tr\/?p=60151"},"modified":"2016-02-03T21:22:29","modified_gmt":"2016-02-03T19:22:29","slug":"riyad-muhalefeti-heyetinin-halep-kirsalinda-nubbul-ve-zehra-beldelerine-teror-ablukasinin-suriye-ordusu-tarafindan-kaldirilmasi-ve-iki-belde-ahalisine-insani-yardimlarin-gecirilmesi-ardindan-cenevre","status":"publish","type":"post","link":"https:\/\/archive.sana.sy\/tr\/?p=60151","title":{"rendered":"Riyad muhalefeti heyetinin Halep k\u0131rsal\u0131nda N\u00fcbbul ve Zehra beldelerine ter\u00f6r ablukas\u0131n\u0131n Suriye ordusu taraf\u0131ndan kald\u0131r\u0131lmas\u0131 ve iki belde ahalisine insani yard\u0131mlar\u0131n ge\u00e7irilmesi ard\u0131ndan Cenevre&#8217;den ayr\u0131lma karar\u0131 ald\u0131klar\u0131na dikkat \u00e7eken Caferi; bunun ne anlama geldi\u011fine dikkat \u00e7ekti\u200f"},"content":{"rendered":"<p>Riyad muhalefeti heyetinin Halep k\u0131rsal\u0131nda N\u00fcbbul ve Zehra beldelerine ter\u00f6r ablukas\u0131n\u0131n Suriye ordusu taraf\u0131ndan kald\u0131r\u0131lmas\u0131 ve iki belde ahalisine insani yard\u0131mlar\u0131n ge\u00e7irilmesi ard\u0131ndan Cenevre&#8217;den ayr\u0131lma karar\u0131 ald\u0131klar\u0131na dikkat \u00e7eken Caferi; bunun ne anlama geldi\u011fine dikkat \u00e7ekti\u200f<\/p>\n","protected":false},"excerpt":{"rendered":"<p>Riyad muhalefeti heyetinin Halep k\u0131rsal\u0131nda N\u00fcbbul ve Zehra beldelerine ter\u00f6r ablukas\u0131n\u0131n Suriye ordusu taraf\u0131ndan kald\u0131r\u0131lmas\u0131 ve iki belde ahalisine insani yard\u0131mlar\u0131n ge\u00e7irilmesi ard\u0131ndan Cenevre&#8217;den ayr\u0131lma karar\u0131 ald\u0131klar\u0131na dikkat \u00e7eken Caferi; bunun ne anlama geldi\u011fine dikkat \u00e7ekti\u200f<\/p>\n","protected":false},"author":1,"featured_media":0,"comment_status":"closed","ping_status":"closed","sticky":false,"template":"","format":"standard","meta":{"footnotes":""},"categories":[17991],"tags":[],"class_list":["post-60151","post","type-post","status-publish","format-standard","","category-son-dakika"],"_links":{"self":[{"href":"https:\/\/archive.sana.sy\/tr\/index.php?rest_route=\/wp\/v2\/posts\/60151","targetHints":{"allow":["GET"]}}],"collection":[{"href":"https:\/\/archive.sana.sy\/tr\/index.php?rest_route=\/wp\/v2\/posts"}],"about":[{"href":"https:\/\/archive.sana.sy\/tr\/index.php?rest_route=\/wp\/v2\/types\/post"}],"author":[{"embeddable":true,"href":"https:\/\/archive.sana.sy\/tr\/index.php?rest_route=\/wp\/v2\/users\/1"}],"replies":[{"embeddable":true,"href":"https:\/\/archive.sana.sy\/tr\/index.php?rest_route=%2Fwp%2Fv2%2Fcomments&post=60151"}],"version-history":[{"count":0,"href":"https:\/\/archive.sana.sy\/tr\/index.php?rest_route=\/wp\/v2\/posts\/60151\/revisions"}],"wp:attachment":[{"href":"https:\/\/archive.sana.sy\/tr\/index.php?rest_route=%2Fwp%2Fv2%2Fmedia&parent=60151"}],"wp:term":[{"taxonomy":"category","embeddable":true,"href":"https:\/\/archive.sana.sy\/tr\/index.php?rest_route=%2Fwp%2Fv2%2Fcategories&post=60151"},{"taxonomy":"post_tag","embeddable":true,"href":"https:\/\/archive.sana.sy\/tr\/index.php?rest_route=%2Fwp%2Fv2%2Ftags&post=60151"}],"curies":[{"name":"wp","href":"https:\/\/api.w.org\/{rel}","templated":true}]}}