{"id":60159,"date":"2016-02-03T22:01:43","date_gmt":"2016-02-03T20:01:43","guid":{"rendered":"http:\/\/www.sana.sy\/tr\/?p=60159"},"modified":"2016-02-03T22:01:43","modified_gmt":"2016-02-03T20:01:43","slug":"riyad-muhalefeti-suriye-halkinin-sesini-duymak-istemiyor","status":"publish","type":"post","link":"https:\/\/archive.sana.sy\/tr\/?p=60159","title":{"rendered":"Riyad muhalefeti Suriye halk\u0131n\u0131n sesini duymak istemiyor"},"content":{"rendered":"<p>Riyad muhalefeti Suriye halk\u0131n\u0131n sesini duymak istemiyor<\/p>\n<p>https:\/\/www.youtube.com\/watch?v=rQEdUuT2YfE<\/p>\n","protected":false},"excerpt":{"rendered":"<p>Riyad muhalefeti Suriye halk\u0131n\u0131n sesini duymak istemiyor https:\/\/www.youtube.com\/watch?v=rQEdUuT2YfE<\/p>\n","protected":false},"author":1,"featured_media":60160,"comment_status":"closed","ping_status":"closed","sticky":false,"template":"","format":"standard","meta":{"footnotes":""},"categories":[18295],"tags":[],"class_list":["post-60159","post","type-post","status-publish","format-standard","has-post-thumbnail","","category-sana-video"],"_links":{"self":[{"href":"https:\/\/archive.sana.sy\/tr\/index.php?rest_route=\/wp\/v2\/posts\/60159","targetHints":{"allow":["GET"]}}],"collection":[{"href":"https:\/\/archive.sana.sy\/tr\/index.php?rest_route=\/wp\/v2\/posts"}],"about":[{"href":"https:\/\/archive.sana.sy\/tr\/index.php?rest_route=\/wp\/v2\/types\/post"}],"author":[{"embeddable":true,"href":"https:\/\/archive.sana.sy\/tr\/index.php?rest_route=\/wp\/v2\/users\/1"}],"replies":[{"embeddable":true,"href":"https:\/\/archive.sana.sy\/tr\/index.php?rest_route=%2Fwp%2Fv2%2Fcomments&post=60159"}],"version-history":[{"count":0,"href":"https:\/\/archive.sana.sy\/tr\/index.php?rest_route=\/wp\/v2\/posts\/60159\/revisions"}],"wp:featuredmedia":[{"embeddable":true,"href":"https:\/\/archive.sana.sy\/tr\/index.php?rest_route=\/wp\/v2\/media\/60160"}],"wp:attachment":[{"href":"https:\/\/archive.sana.sy\/tr\/index.php?rest_route=%2Fwp%2Fv2%2Fmedia&parent=60159"}],"wp:term":[{"taxonomy":"category","embeddable":true,"href":"https:\/\/archive.sana.sy\/tr\/index.php?rest_route=%2Fwp%2Fv2%2Fcategories&post=60159"},{"taxonomy":"post_tag","embeddable":true,"href":"https:\/\/archive.sana.sy\/tr\/index.php?rest_route=%2Fwp%2Fv2%2Ftags&post=60159"}],"curies":[{"name":"wp","href":"https:\/\/api.w.org\/{rel}","templated":true}]}}