{"id":60167,"date":"2016-02-03T23:05:54","date_gmt":"2016-02-03T21:05:54","guid":{"rendered":"http:\/\/www.sana.sy\/tr\/?p=60167"},"modified":"2016-02-04T18:33:43","modified_gmt":"2016-02-04T16:33:43","slug":"hala-yapilmasi-gereken-calismalarin-olmasi-nedeniyle-gorusmeler-askiya-alindi","status":"publish","type":"post","link":"https:\/\/archive.sana.sy\/tr\/?p=60167","title":{"rendered":"Hala Yap\u0131lmas\u0131 Gereken \u00c7al\u0131\u015fmalar\u0131n Olmas\u0131 Nedeniyle G\u00f6r\u00fc\u015fmeler Ask\u0131ya Al\u0131nd\u0131"},"content":{"rendered":"<p>CENEVRE \u2013 BM genel sekreterinin Suriye \u00f6zel temsilcisi Staffan de Mistura; Cenevre&#8217;de Suriyeliler aras\u0131nda BM g\u00f6zetimi alt\u0131nda yap\u0131lan dolayl\u0131 diyalog g\u00f6r\u00fc\u015fmelerinin 25 \u015eubat tarihine dek ask\u0131ya al\u0131nd\u0131\u011f\u0131n\u0131 ilan etti.<\/p>\n<p>De Mistura bug\u00fcn yapt\u0131\u011f\u0131 bas\u0131n a\u00e7\u0131klamas\u0131nda; g\u00f6r\u00fc\u015fmelerin ba\u015flamas\u0131 gerekti\u011fine inand\u0131\u011f\u0131n\u0131 ve bu g\u00f6r\u00fc\u015fmelerin ger\u00e7ekten ba\u015flad\u0131\u011f\u0131n\u0131 ifade ederken; fakat sadece kendisi taraf\u0131ndan de\u011fil, Suriye&#8217;deki krizle ili\u015fkileri olan taraflar taraf\u0131ndan da hala yap\u0131lmas\u0131 gereken \u00e7al\u0131\u015fmalar\u0131n bulundu\u011funu belirtti.<\/p>\n<p>G\u00f6r\u00fc\u015fmelerde iki taraf\u0131n siyasi m\u00fczakerelerin ba\u015flamas\u0131na \u00f6nem verdiklerini \u00f6ne s\u00fcren de Mistura; BM G\u00fcvenlik Konseyinin toplanmas\u0131na \u00e7a\u011fr\u0131 yapaca\u011f\u0131n\u0131 ve 25 \u015eubat tarihinde yeniden toplanacaklar\u0131n\u0131 kaydetti.<\/p>\n<p>De Mistura \u015fu ana dek hayal k\u0131r\u0131kl\u0131\u011f\u0131na u\u011framad\u0131\u011f\u0131na i\u015faret ederek; insan\u0131n \u00e7al\u0131\u015fmalar\u0131nda kararl\u0131 ve \u0131srarl\u0131 olmas\u0131 gerekti\u011fini s\u00f6yledi.<\/p>\n<p>Kendi taraf\u0131ndan de Mistura\u2019n\u0131n s\u00f6zc\u00fcs\u00fc Havla Matar yine Cenevre&#8217;de gazetecilere yapt\u0131\u011f\u0131 a\u00e7\u0131klamada; de Mistura\u2019n\u0131n Suriyeliler aras\u0131nda diyalog g\u00f6r\u00fc\u015fmelerinin ba\u015flamas\u0131 i\u00e7in yap\u0131lmas\u0131 gereken \u00e7al\u0131\u015fmalar\u0131n hen\u00fcz bitmedi\u011fine inanmas\u0131 nedeniyle g\u00f6r\u00fc\u015fmelerin ba\u015flama tarihini 25 \u015eubata kadar ask\u0131ya almay\u0131 uygun g\u00f6rd\u00fc\u011f\u00fcn\u00fc s\u00f6yledi.<\/p>\n<p>Matar heyetlerin 25 \u015eubatta yeniden toplanaca\u011f\u0131n\u0131 ve dolayl\u0131 diyalog g\u00f6r\u00fc\u015fmelerine ba\u015flayacaklar\u0131n\u0131 s\u00f6ylerken; de Mistura\u2019n\u0131n ilk \u00f6nce 11 \u015eubat tarihine dek ertelemeyi d\u00fc\u015f\u00fcnd\u00fc\u011f\u00fcn\u00fc, fakat daha sonra 25 \u015eubat tarihine dek ertelenmesinin daha uygun olaca\u011f\u0131na karar verdi\u011fini ifade etti.<\/p>\n<p>Matar de Mistura\u2019n\u0131n 11 \u015eubat tarihinde Almanya\u2019n\u0131n M\u00fcnih Kentinde d\u00fczenlenecek Suriye&#8217;ye destek grubu \u00fclkelerinin toplant\u0131s\u0131na kat\u0131laca\u011f\u0131n\u0131 a\u00e7\u0131klad\u0131.<\/p>\n","protected":false},"excerpt":{"rendered":"<p>CENEVRE \u2013 BM genel sekreterinin Suriye \u00f6zel temsilcisi Staffan de Mistura; Cenevre&#8217;de Suriyeliler aras\u0131nda BM g\u00f6zetimi alt\u0131nda yap\u0131lan dolayl\u0131 diyalog g\u00f6r\u00fc\u015fmelerinin 25 \u015eubat tarihine dek ask\u0131ya al\u0131nd\u0131\u011f\u0131n\u0131 ilan etti. De Mistura bug\u00fcn yapt\u0131\u011f\u0131 bas\u0131n a\u00e7\u0131klamas\u0131nda; g\u00f6r\u00fc\u015fmelerin ba\u015flamas\u0131 gerekti\u011fine inand\u0131\u011f\u0131n\u0131 ve bu g\u00f6r\u00fc\u015fmelerin ger\u00e7ekten ba\u015flad\u0131\u011f\u0131n\u0131 ifade ederken; fakat sadece kendisi taraf\u0131ndan de\u011fil, Suriye&#8217;deki krizle ili\u015fkileri olan &hellip;<\/p>\n","protected":false},"author":1,"featured_media":59681,"comment_status":"closed","ping_status":"closed","sticky":false,"template":"","format":"standard","meta":{"footnotes":""},"categories":[458,459,17988],"tags":[],"class_list":["post-60167","post","type-post","status-publish","format-standard","has-post-thumbnail","","category-dunya1","category-haberler-arap-uluslararasi-politika","category-son-haberler"],"_links":{"self":[{"href":"https:\/\/archive.sana.sy\/tr\/index.php?rest_route=\/wp\/v2\/posts\/60167","targetHints":{"allow":["GET"]}}],"collection":[{"href":"https:\/\/archive.sana.sy\/tr\/index.php?rest_route=\/wp\/v2\/posts"}],"about":[{"href":"https:\/\/archive.sana.sy\/tr\/index.php?rest_route=\/wp\/v2\/types\/post"}],"author":[{"embeddable":true,"href":"https:\/\/archive.sana.sy\/tr\/index.php?rest_route=\/wp\/v2\/users\/1"}],"replies":[{"embeddable":true,"href":"https:\/\/archive.sana.sy\/tr\/index.php?rest_route=%2Fwp%2Fv2%2Fcomments&post=60167"}],"version-history":[{"count":0,"href":"https:\/\/archive.sana.sy\/tr\/index.php?rest_route=\/wp\/v2\/posts\/60167\/revisions"}],"wp:featuredmedia":[{"embeddable":true,"href":"https:\/\/archive.sana.sy\/tr\/index.php?rest_route=\/wp\/v2\/media\/59681"}],"wp:attachment":[{"href":"https:\/\/archive.sana.sy\/tr\/index.php?rest_route=%2Fwp%2Fv2%2Fmedia&parent=60167"}],"wp:term":[{"taxonomy":"category","embeddable":true,"href":"https:\/\/archive.sana.sy\/tr\/index.php?rest_route=%2Fwp%2Fv2%2Fcategories&post=60167"},{"taxonomy":"post_tag","embeddable":true,"href":"https:\/\/archive.sana.sy\/tr\/index.php?rest_route=%2Fwp%2Fv2%2Ftags&post=60167"}],"curies":[{"name":"wp","href":"https:\/\/api.w.org\/{rel}","templated":true}]}}