{"id":60170,"date":"2016-02-04T09:49:44","date_gmt":"2016-02-04T07:49:44","guid":{"rendered":"http:\/\/www.sana.sy\/tr\/?p=60170"},"modified":"2016-02-04T09:49:44","modified_gmt":"2016-02-04T07:49:44","slug":"12-bin-adet-gida-ve-saglik-paketi-ihtiyac-sahiplerine-ulastiriliyor-video","status":"publish","type":"post","link":"https:\/\/archive.sana.sy\/tr\/?p=60170","title":{"rendered":"12 Bin Adet G\u0131da ve Sa\u011fl\u0131k Paketi \u0130htiya\u00e7 Sahiplerine Ula\u015ft\u0131r\u0131l\u0131yor (video)"},"content":{"rendered":"<p>\u015eAM \u00c7EVRE KENT \u2013 \u015eam \u00c7evre Kent Valili\u011fi, Suriye Arap K\u0131z\u0131lay \u00d6rg\u00fct\u00fc ile i\u015fbirli\u011fi i\u00e7erisinde Tel ve Muaddamiyat el \u015eam kentlerinde H\u00fck\u00fcmetin haz\u0131rlam\u0131\u015f oldu\u011fu insani yard\u0131m projesi kapsam\u0131nda yakla\u015f\u0131k 12 bin g\u0131da sepetini ihtiya\u00e7 sahiplerine ula\u015ft\u0131r\u0131l\u0131yor.<\/p>\n<p>\u015eam \u00c7evre Kent Valili\u011finde yetkili bir kaynak d\u00fcn SANA\u2019ya yapt\u0131\u011f\u0131 a\u00e7\u0131klamada H\u00fck\u00fcmetin Tel Kentinde 7 bin g\u0131da ve sa\u011fl\u0131k sepeti da\u011f\u0131t\u0131lmas\u0131 projesi faaliyetleri kapsam\u0131nda g\u0131da ve sa\u011fl\u0131k sepetlerinin ihtiya\u00e7 sahiplerine da\u011f\u0131t\u0131lmaya ba\u015flad\u0131\u011f\u0131n\u0131 ifade etti.<\/p>\n<p>Kaynak, yard\u0131m da\u011f\u0131t\u0131m faaliyetlerinin b\u00fct\u00fcn ihtiya\u00e7 sahiplerine ula\u015f\u0131ncaya kadar devam edece\u011fine dikkat \u00e7ekti.<br \/>\nDi\u011fer taraftan H\u00fck\u00fcmetin Muaadamiyat el \u015eam kentinde 5 bin g\u0131da ve sa\u011fl\u0131k sepeti da\u011f\u0131tma plan\u0131 kapsam\u0131nda \u00f6nceki g\u00fcn ba\u015flayan yard\u0131m da\u011f\u0131t\u0131m faaliyetleri kapsam\u0131nda 500 adet g\u0131da ve sa\u011fl\u0131k sepeti ihtiya\u00e7 sahiplerine ula\u015ft\u0131r\u0131ld\u0131.<\/p>\n<p>https:\/\/www.youtube.com\/watch?v=EE2bA24xrx0<\/p>\n<div id='gallery-1' class='gallery galleryid-60170 gallery-columns-2 gallery-size-medium'><figure class='gallery-item'>\n\t\t\t<div class='gallery-icon landscape'>\n\t\t\t\t<a href='https:\/\/archive.sana.sy\/tr\/wp-content\/uploads\/2016\/02\/1-7.jpg'><img loading=\"lazy\" decoding=\"async\" width=\"300\" height=\"150\" src=\"https:\/\/archive.sana.sy\/tr\/wp-content\/uploads\/2016\/02\/1-7-300x150.jpg\" class=\"attachment-medium size-medium\" alt=\"\" srcset=\"https:\/\/archive.sana.sy\/tr\/wp-content\/uploads\/2016\/02\/1-7-300x150.jpg 300w, https:\/\/archive.sana.sy\/tr\/wp-content\/uploads\/2016\/02\/1-7-150x75.jpg 150w, https:\/\/archive.sana.sy\/tr\/wp-content\/uploads\/2016\/02\/1-7.jpg 660w\" sizes=\"auto, (max-width: 300px) 100vw, 300px\" \/><\/a>\n\t\t\t<\/div><\/figure><figure class='gallery-item'>\n\t\t\t<div class='gallery-icon portrait'>\n\t\t\t\t<a href='https:\/\/archive.sana.sy\/tr\/wp-content\/uploads\/2016\/02\/2-5.jpg'><img loading=\"lazy\" decoding=\"async\" width=\"187\" height=\"300\" src=\"https:\/\/archive.sana.sy\/tr\/wp-content\/uploads\/2016\/02\/2-5-187x300.jpg\" class=\"attachment-medium size-medium\" alt=\"\" srcset=\"https:\/\/archive.sana.sy\/tr\/wp-content\/uploads\/2016\/02\/2-5-187x300.jpg 187w, https:\/\/archive.sana.sy\/tr\/wp-content\/uploads\/2016\/02\/2-5-94x150.jpg 94w, https:\/\/archive.sana.sy\/tr\/wp-content\/uploads\/2016\/02\/2-5.jpg 300w\" sizes=\"auto, (max-width: 187px) 100vw, 187px\" \/><\/a>\n\t\t\t<\/div><\/figure><figure class='gallery-item'>\n\t\t\t<div class='gallery-icon portrait'>\n\t\t\t\t<a href='https:\/\/archive.sana.sy\/tr\/wp-content\/uploads\/2016\/02\/3-5.jpg'><img loading=\"lazy\" decoding=\"async\" width=\"259\" height=\"300\" src=\"https:\/\/archive.sana.sy\/tr\/wp-content\/uploads\/2016\/02\/3-5-259x300.jpg\" class=\"attachment-medium size-medium\" alt=\"\" srcset=\"https:\/\/archive.sana.sy\/tr\/wp-content\/uploads\/2016\/02\/3-5-259x300.jpg 259w, https:\/\/archive.sana.sy\/tr\/wp-content\/uploads\/2016\/02\/3-5-130x150.jpg 130w, https:\/\/archive.sana.sy\/tr\/wp-content\/uploads\/2016\/02\/3-5.jpg 300w\" sizes=\"auto, (max-width: 259px) 100vw, 259px\" \/><\/a>\n\t\t\t<\/div><\/figure><figure class='gallery-item'>\n\t\t\t<div class='gallery-icon landscape'>\n\t\t\t\t<a href='https:\/\/archive.sana.sy\/tr\/wp-content\/uploads\/2016\/02\/4-4.jpg'><img loading=\"lazy\" decoding=\"async\" width=\"300\" height=\"168\" src=\"https:\/\/archive.sana.sy\/tr\/wp-content\/uploads\/2016\/02\/4-4-300x168.jpg\" class=\"attachment-medium size-medium\" alt=\"\" srcset=\"https:\/\/archive.sana.sy\/tr\/wp-content\/uploads\/2016\/02\/4-4-300x168.jpg 300w, https:\/\/archive.sana.sy\/tr\/wp-content\/uploads\/2016\/02\/4-4-150x84.jpg 150w, https:\/\/archive.sana.sy\/tr\/wp-content\/uploads\/2016\/02\/4-4.jpg 660w\" sizes=\"auto, (max-width: 300px) 100vw, 300px\" \/><\/a>\n\t\t\t<\/div><\/figure><figure class='gallery-item'>\n\t\t\t<div class='gallery-icon landscape'>\n\t\t\t\t<a href='https:\/\/archive.sana.sy\/tr\/wp-content\/uploads\/2016\/02\/5-4.jpg'><img loading=\"lazy\" decoding=\"async\" width=\"300\" height=\"168\" src=\"https:\/\/archive.sana.sy\/tr\/wp-content\/uploads\/2016\/02\/5-4-300x168.jpg\" class=\"attachment-medium size-medium\" alt=\"\" srcset=\"https:\/\/archive.sana.sy\/tr\/wp-content\/uploads\/2016\/02\/5-4-300x168.jpg 300w, https:\/\/archive.sana.sy\/tr\/wp-content\/uploads\/2016\/02\/5-4-150x84.jpg 150w, https:\/\/archive.sana.sy\/tr\/wp-content\/uploads\/2016\/02\/5-4.jpg 660w\" sizes=\"auto, (max-width: 300px) 100vw, 300px\" \/><\/a>\n\t\t\t<\/div><\/figure><figure class='gallery-item'>\n\t\t\t<div class='gallery-icon landscape'>\n\t\t\t\t<a href='https:\/\/archive.sana.sy\/tr\/wp-content\/uploads\/2016\/02\/6-4.jpg'><img loading=\"lazy\" decoding=\"async\" width=\"300\" height=\"168\" src=\"https:\/\/archive.sana.sy\/tr\/wp-content\/uploads\/2016\/02\/6-4-300x168.jpg\" class=\"attachment-medium size-medium\" alt=\"\" srcset=\"https:\/\/archive.sana.sy\/tr\/wp-content\/uploads\/2016\/02\/6-4-300x168.jpg 300w, https:\/\/archive.sana.sy\/tr\/wp-content\/uploads\/2016\/02\/6-4-150x84.jpg 150w, https:\/\/archive.sana.sy\/tr\/wp-content\/uploads\/2016\/02\/6-4.jpg 660w\" sizes=\"auto, (max-width: 300px) 100vw, 300px\" \/><\/a>\n\t\t\t<\/div><\/figure><figure class='gallery-item'>\n\t\t\t<div class='gallery-icon landscape'>\n\t\t\t\t<a href='https:\/\/archive.sana.sy\/tr\/wp-content\/uploads\/2016\/02\/7-3.jpg'><img loading=\"lazy\" decoding=\"async\" width=\"300\" height=\"168\" src=\"https:\/\/archive.sana.sy\/tr\/wp-content\/uploads\/2016\/02\/7-3-300x168.jpg\" class=\"attachment-medium size-medium\" alt=\"\" srcset=\"https:\/\/archive.sana.sy\/tr\/wp-content\/uploads\/2016\/02\/7-3-300x168.jpg 300w, https:\/\/archive.sana.sy\/tr\/wp-content\/uploads\/2016\/02\/7-3-150x84.jpg 150w, https:\/\/archive.sana.sy\/tr\/wp-content\/uploads\/2016\/02\/7-3.jpg 660w\" sizes=\"auto, (max-width: 300px) 100vw, 300px\" \/><\/a>\n\t\t\t<\/div><\/figure><figure class='gallery-item'>\n\t\t\t<div class='gallery-icon landscape'>\n\t\t\t\t<a href='https:\/\/archive.sana.sy\/tr\/wp-content\/uploads\/2016\/02\/8-2.jpg'><img loading=\"lazy\" decoding=\"async\" width=\"300\" height=\"168\" src=\"https:\/\/archive.sana.sy\/tr\/wp-content\/uploads\/2016\/02\/8-2-300x168.jpg\" class=\"attachment-medium size-medium\" alt=\"\" srcset=\"https:\/\/archive.sana.sy\/tr\/wp-content\/uploads\/2016\/02\/8-2-300x168.jpg 300w, https:\/\/archive.sana.sy\/tr\/wp-content\/uploads\/2016\/02\/8-2-150x84.jpg 150w, https:\/\/archive.sana.sy\/tr\/wp-content\/uploads\/2016\/02\/8-2.jpg 660w\" sizes=\"auto, (max-width: 300px) 100vw, 300px\" \/><\/a>\n\t\t\t<\/div><\/figure>\n\t\t<\/div>\n\n<p>F.B. &#8211; R.H.<\/p>\n","protected":false},"excerpt":{"rendered":"<p>\u015eAM \u00c7EVRE KENT \u2013 \u015eam \u00c7evre Kent Valili\u011fi, Suriye Arap K\u0131z\u0131lay \u00d6rg\u00fct\u00fc ile i\u015fbirli\u011fi i\u00e7erisinde Tel ve Muaddamiyat el \u015eam kentlerinde H\u00fck\u00fcmetin haz\u0131rlam\u0131\u015f oldu\u011fu insani yard\u0131m projesi kapsam\u0131nda yakla\u015f\u0131k 12 bin g\u0131da sepetini ihtiya\u00e7 sahiplerine ula\u015ft\u0131r\u0131l\u0131yor. \u015eam \u00c7evre Kent Valili\u011finde yetkili bir kaynak d\u00fcn SANA\u2019ya yapt\u0131\u011f\u0131 a\u00e7\u0131klamada H\u00fck\u00fcmetin Tel Kentinde 7 bin g\u0131da ve sa\u011fl\u0131k &hellip;<\/p>\n","protected":false},"author":1,"featured_media":60171,"comment_status":"closed","ping_status":"closed","sticky":false,"template":"","format":"standard","meta":{"footnotes":""},"categories":[479,17988,478],"tags":[18990],"class_list":["post-60170","post","type-post","status-publish","format-standard","has-post-thumbnail","","category-haberler-yerel","category-son-haberler","category-yerel","tag-sam-cevre-kent-valiligi"],"_links":{"self":[{"href":"https:\/\/archive.sana.sy\/tr\/index.php?rest_route=\/wp\/v2\/posts\/60170","targetHints":{"allow":["GET"]}}],"collection":[{"href":"https:\/\/archive.sana.sy\/tr\/index.php?rest_route=\/wp\/v2\/posts"}],"about":[{"href":"https:\/\/archive.sana.sy\/tr\/index.php?rest_route=\/wp\/v2\/types\/post"}],"author":[{"embeddable":true,"href":"https:\/\/archive.sana.sy\/tr\/index.php?rest_route=\/wp\/v2\/users\/1"}],"replies":[{"embeddable":true,"href":"https:\/\/archive.sana.sy\/tr\/index.php?rest_route=%2Fwp%2Fv2%2Fcomments&post=60170"}],"version-history":[{"count":0,"href":"https:\/\/archive.sana.sy\/tr\/index.php?rest_route=\/wp\/v2\/posts\/60170\/revisions"}],"wp:featuredmedia":[{"embeddable":true,"href":"https:\/\/archive.sana.sy\/tr\/index.php?rest_route=\/wp\/v2\/media\/60171"}],"wp:attachment":[{"href":"https:\/\/archive.sana.sy\/tr\/index.php?rest_route=%2Fwp%2Fv2%2Fmedia&parent=60170"}],"wp:term":[{"taxonomy":"category","embeddable":true,"href":"https:\/\/archive.sana.sy\/tr\/index.php?rest_route=%2Fwp%2Fv2%2Fcategories&post=60170"},{"taxonomy":"post_tag","embeddable":true,"href":"https:\/\/archive.sana.sy\/tr\/index.php?rest_route=%2Fwp%2Fv2%2Ftags&post=60170"}],"curies":[{"name":"wp","href":"https:\/\/api.w.org\/{rel}","templated":true}]}}