{"id":6020,"date":"2014-07-28T09:00:51","date_gmt":"2014-07-28T06:00:51","guid":{"rendered":"http:\/\/www.sana.sy\/tr\/?p=6020"},"modified":"2014-07-29T04:15:12","modified_gmt":"2014-07-29T01:15:12","slug":"baskan-esada-ramazan-bayrami-munasebetiyle-tebrik-mesajlari","status":"publish","type":"post","link":"https:\/\/archive.sana.sy\/tr\/?p=6020","title":{"rendered":"Ba\u015fkan Esad\u2019a Ramazan Bayram\u0131 M\u00fcnasebetiyle Tebrik Mesajlar\u0131"},"content":{"rendered":"<p>\u015eAM &#8211; \u015eam 1. \u015eeriat Kad\u0131s\u0131 Mahmud el Maarravi d\u00fcn ak\u015fam m\u00fcbarek Ramazan Bayram\u0131n\u0131n ilk g\u00fcn\u00fcn\u00fcn Pazartesi oldu\u011funu ilan etti.<\/p>\n<p>Kad\u0131 Maarravi SANA\u2019ya a\u00e7\u0131klamas\u0131nda, 28 Temmuz 2014 tarihine denk gelen \u015eevval ay\u0131n\u0131n ilk g\u00fcn\u00fcn\u00fcn Pazartesi oldu\u011funu, Arap ve \u0130slam \u00fcmmetine hay\u0131r, saadet ve bereket getirmesi temennisinde bulundu.<\/p>\n<p>Bu m\u00fcnasebetle Cumhurba\u015fkan\u0131 Be\u015f\u015far Esad Kad\u0131 Maarravi\u2019den tebrik mesaj\u0131 ald\u0131. Mesajda, 1435 Hicri y\u0131l\u0131 \u015eevval ay\u0131n\u0131n 28 Temmuz 2014 Miladi y\u0131l\u0131 tarihine denk gelen Pazartesi g\u00fcn\u00fc ve m\u00fcbarek Ramazan Bayram\u0131n\u0131n ilk g\u00fcn\u00fc oldu\u011funu ifade etti.<br \/>\nKad\u0131 Maarravi, bu m\u00fcnasebetle kendi ve ailesi yan\u0131 s\u0131ra Arap ve \u0130slam \u00fcmmetine onur ve zaferle getirmesini y\u00fcce Allah\u2019tan niyaz etti.<\/p>\n<p>Ba\u015fkan Esad bu m\u00fcnasebetle ayr\u0131ca, ge\u00e7ici h\u00fck\u00fcmette Adalet Bakan\u0131 Necm el Ahmet, Vak\u0131flar Bakan\u0131 Abdulsettar el Seyyid, Y\u00fcksek M\u00fcft\u00fcl\u00fck Konseyi Ba\u015fkan\u0131 Cumhuriyet Genel M\u00fcft\u00fcs\u00fc Ahmet Bedrettin Hassun\u2019dan tebrik mesajlar\u0131 ald\u0131.<\/p>\n","protected":false},"excerpt":{"rendered":"<p>\u015eAM &#8211; \u015eam 1. \u015eeriat Kad\u0131s\u0131 Mahmud el Maarravi d\u00fcn ak\u015fam m\u00fcbarek Ramazan Bayram\u0131n\u0131n ilk g\u00fcn\u00fcn\u00fcn Pazartesi oldu\u011funu ilan etti. Kad\u0131 Maarravi SANA\u2019ya a\u00e7\u0131klamas\u0131nda, 28 Temmuz 2014 tarihine denk gelen \u015eevval ay\u0131n\u0131n ilk g\u00fcn\u00fcn\u00fcn Pazartesi oldu\u011funu, Arap ve \u0130slam \u00fcmmetine hay\u0131r, saadet ve bereket getirmesi temennisinde bulundu. Bu m\u00fcnasebetle Cumhurba\u015fkan\u0131 Be\u015f\u015far Esad Kad\u0131 Maarravi\u2019den tebrik &hellip;<\/p>\n","protected":false},"author":1,"featured_media":6021,"comment_status":"closed","ping_status":"closed","sticky":false,"template":"","format":"standard","meta":{"footnotes":""},"categories":[606,605,613],"tags":[1331],"class_list":["post-6020","post","type-post","status-publish","format-standard","has-post-thumbnail","","category-cumhurbaskani","category-sayin-cumhurbaskani","category-telgraflar","tag-baskan-esada-ramazan-bayrami-munasebetiyle-tebrik-mesajlari"],"_links":{"self":[{"href":"https:\/\/archive.sana.sy\/tr\/index.php?rest_route=\/wp\/v2\/posts\/6020","targetHints":{"allow":["GET"]}}],"collection":[{"href":"https:\/\/archive.sana.sy\/tr\/index.php?rest_route=\/wp\/v2\/posts"}],"about":[{"href":"https:\/\/archive.sana.sy\/tr\/index.php?rest_route=\/wp\/v2\/types\/post"}],"author":[{"embeddable":true,"href":"https:\/\/archive.sana.sy\/tr\/index.php?rest_route=\/wp\/v2\/users\/1"}],"replies":[{"embeddable":true,"href":"https:\/\/archive.sana.sy\/tr\/index.php?rest_route=%2Fwp%2Fv2%2Fcomments&post=6020"}],"version-history":[{"count":0,"href":"https:\/\/archive.sana.sy\/tr\/index.php?rest_route=\/wp\/v2\/posts\/6020\/revisions"}],"wp:featuredmedia":[{"embeddable":true,"href":"https:\/\/archive.sana.sy\/tr\/index.php?rest_route=\/wp\/v2\/media\/6021"}],"wp:attachment":[{"href":"https:\/\/archive.sana.sy\/tr\/index.php?rest_route=%2Fwp%2Fv2%2Fmedia&parent=6020"}],"wp:term":[{"taxonomy":"category","embeddable":true,"href":"https:\/\/archive.sana.sy\/tr\/index.php?rest_route=%2Fwp%2Fv2%2Fcategories&post=6020"},{"taxonomy":"post_tag","embeddable":true,"href":"https:\/\/archive.sana.sy\/tr\/index.php?rest_route=%2Fwp%2Fv2%2Ftags&post=6020"}],"curies":[{"name":"wp","href":"https:\/\/api.w.org\/{rel}","templated":true}]}}