{"id":60209,"date":"2016-02-04T09:01:40","date_gmt":"2016-02-04T07:01:40","guid":{"rendered":"http:\/\/www.sana.sy\/tr\/?p=60209"},"modified":"2016-02-04T13:34:25","modified_gmt":"2016-02-04T11:34:25","slug":"rusya-disisleri-bakani-sergey-lavrov-abd-disisleri-bakani-john-kerry-ile-bulundugu-telefon-gorusmesinde-cenevrede-suriyeliler-arasinda-dolayli-diyalog-gorusmelerinin-askiya-alinma-suresinin-kisaltil","status":"publish","type":"post","link":"https:\/\/archive.sana.sy\/tr\/?p=60209","title":{"rendered":"Rusya D\u0131\u015fi\u015fleri bakan\u0131 Sergey Lavrov ABD D\u0131\u015fi\u015fleri Bakan\u0131 John Kerry ile bulundu\u011fu telefon g\u00f6r\u00fc\u015fmesinde Cenevre&#8217;de Suriyeliler aras\u0131nda dolayl\u0131 diyalog g\u00f6r\u00fc\u015fmelerinin ask\u0131ya al\u0131nma s\u00fcresinin k\u0131salt\u0131lmas\u0131 y\u00f6n\u00fcnde gereken \u00e7abalar\u0131 harcama konusunda anla\u015ft\u0131"},"content":{"rendered":"<p>Rusya D\u0131\u015fi\u015fleri bakan\u0131 Sergey Lavrov ABD D\u0131\u015fi\u015fleri Bakan\u0131 John Kerry ile bulundu\u011fu telefon g\u00f6r\u00fc\u015fmesinde Cenevre&#8217;de Suriyeliler aras\u0131nda dolayl\u0131 diyalog g\u00f6r\u00fc\u015fmelerinin ask\u0131ya al\u0131nma s\u00fcresinin k\u0131salt\u0131lmas\u0131 y\u00f6n\u00fcnde gereken \u00e7abalar\u0131 harcama konusunda anla\u015ft\u0131<\/p>\n","protected":false},"excerpt":{"rendered":"<p>Rusya D\u0131\u015fi\u015fleri bakan\u0131 Sergey Lavrov ABD D\u0131\u015fi\u015fleri Bakan\u0131 John Kerry ile bulundu\u011fu telefon g\u00f6r\u00fc\u015fmesinde Cenevre&#8217;de Suriyeliler aras\u0131nda dolayl\u0131 diyalog g\u00f6r\u00fc\u015fmelerinin ask\u0131ya al\u0131nma s\u00fcresinin k\u0131salt\u0131lmas\u0131 y\u00f6n\u00fcnde gereken \u00e7abalar\u0131 harcama konusunda anla\u015ft\u0131<\/p>\n","protected":false},"author":1,"featured_media":0,"comment_status":"closed","ping_status":"closed","sticky":false,"template":"","format":"standard","meta":{"footnotes":""},"categories":[17991],"tags":[],"class_list":["post-60209","post","type-post","status-publish","format-standard","","category-son-dakika"],"_links":{"self":[{"href":"https:\/\/archive.sana.sy\/tr\/index.php?rest_route=\/wp\/v2\/posts\/60209","targetHints":{"allow":["GET"]}}],"collection":[{"href":"https:\/\/archive.sana.sy\/tr\/index.php?rest_route=\/wp\/v2\/posts"}],"about":[{"href":"https:\/\/archive.sana.sy\/tr\/index.php?rest_route=\/wp\/v2\/types\/post"}],"author":[{"embeddable":true,"href":"https:\/\/archive.sana.sy\/tr\/index.php?rest_route=\/wp\/v2\/users\/1"}],"replies":[{"embeddable":true,"href":"https:\/\/archive.sana.sy\/tr\/index.php?rest_route=%2Fwp%2Fv2%2Fcomments&post=60209"}],"version-history":[{"count":0,"href":"https:\/\/archive.sana.sy\/tr\/index.php?rest_route=\/wp\/v2\/posts\/60209\/revisions"}],"wp:attachment":[{"href":"https:\/\/archive.sana.sy\/tr\/index.php?rest_route=%2Fwp%2Fv2%2Fmedia&parent=60209"}],"wp:term":[{"taxonomy":"category","embeddable":true,"href":"https:\/\/archive.sana.sy\/tr\/index.php?rest_route=%2Fwp%2Fv2%2Fcategories&post=60209"},{"taxonomy":"post_tag","embeddable":true,"href":"https:\/\/archive.sana.sy\/tr\/index.php?rest_route=%2Fwp%2Fv2%2Ftags&post=60209"}],"curies":[{"name":"wp","href":"https:\/\/api.w.org\/{rel}","templated":true}]}}