{"id":60213,"date":"2016-02-04T08:30:36","date_gmt":"2016-02-04T06:30:36","guid":{"rendered":"http:\/\/www.sana.sy\/tr\/?p=60213"},"modified":"2016-02-04T12:57:27","modified_gmt":"2016-02-04T10:57:27","slug":"bmye-tabi-bir-basin-orgutu-riyad-muhalefetinin-basin-konferansina-katilacak-medya-araclarini-kendisine-tabi-medya-araclariyla-sinirladi","status":"publish","type":"post","link":"https:\/\/archive.sana.sy\/tr\/?p=60213","title":{"rendered":"BM\u2019ye tabi bir bas\u0131n \u00f6rg\u00fct\u00fc; \u2018Riyad muhalefetinin\u2019 bas\u0131n konferans\u0131na kat\u0131lacak medya ara\u00e7lar\u0131n\u0131 kendisine tabi medya ara\u00e7lar\u0131yla s\u0131n\u0131rlad\u0131"},"content":{"rendered":"<p>BM\u2019ye tabi bir bas\u0131n \u00f6rg\u00fct\u00fc; \u2018Riyad muhalefetinin\u2019 bas\u0131n konferans\u0131na kat\u0131lacak medya ara\u00e7lar\u0131n\u0131 kendisine tabi medya ara\u00e7lar\u0131yla s\u0131n\u0131rlad\u0131<\/p>\n<p>https:\/\/www.youtube.com\/watch?v=v2jiuApFWL4<\/p>\n<p>R.H.<\/p>\n","protected":false},"excerpt":{"rendered":"<p>BM\u2019ye tabi bir bas\u0131n \u00f6rg\u00fct\u00fc; \u2018Riyad muhalefetinin\u2019 bas\u0131n konferans\u0131na kat\u0131lacak medya ara\u00e7lar\u0131n\u0131 kendisine tabi medya ara\u00e7lar\u0131yla s\u0131n\u0131rlad\u0131 https:\/\/www.youtube.com\/watch?v=v2jiuApFWL4 R.H.<\/p>\n","protected":false},"author":1,"featured_media":60214,"comment_status":"closed","ping_status":"closed","sticky":false,"template":"","format":"standard","meta":{"footnotes":""},"categories":[18295],"tags":[18992],"class_list":["post-60213","post","type-post","status-publish","format-standard","has-post-thumbnail","","category-sana-video","tag-bmye-tabi-bir-basin-orgutu-riyad-muhalefetinin-basin-konferansina-katilacak-medya-araclarini-kendisine-tabi-medya-araclariyla-sinirladi"],"_links":{"self":[{"href":"https:\/\/archive.sana.sy\/tr\/index.php?rest_route=\/wp\/v2\/posts\/60213","targetHints":{"allow":["GET"]}}],"collection":[{"href":"https:\/\/archive.sana.sy\/tr\/index.php?rest_route=\/wp\/v2\/posts"}],"about":[{"href":"https:\/\/archive.sana.sy\/tr\/index.php?rest_route=\/wp\/v2\/types\/post"}],"author":[{"embeddable":true,"href":"https:\/\/archive.sana.sy\/tr\/index.php?rest_route=\/wp\/v2\/users\/1"}],"replies":[{"embeddable":true,"href":"https:\/\/archive.sana.sy\/tr\/index.php?rest_route=%2Fwp%2Fv2%2Fcomments&post=60213"}],"version-history":[{"count":0,"href":"https:\/\/archive.sana.sy\/tr\/index.php?rest_route=\/wp\/v2\/posts\/60213\/revisions"}],"wp:featuredmedia":[{"embeddable":true,"href":"https:\/\/archive.sana.sy\/tr\/index.php?rest_route=\/wp\/v2\/media\/60214"}],"wp:attachment":[{"href":"https:\/\/archive.sana.sy\/tr\/index.php?rest_route=%2Fwp%2Fv2%2Fmedia&parent=60213"}],"wp:term":[{"taxonomy":"category","embeddable":true,"href":"https:\/\/archive.sana.sy\/tr\/index.php?rest_route=%2Fwp%2Fv2%2Fcategories&post=60213"},{"taxonomy":"post_tag","embeddable":true,"href":"https:\/\/archive.sana.sy\/tr\/index.php?rest_route=%2Fwp%2Fv2%2Ftags&post=60213"}],"curies":[{"name":"wp","href":"https:\/\/api.w.org\/{rel}","templated":true}]}}