{"id":60216,"date":"2016-02-04T08:45:40","date_gmt":"2016-02-04T06:45:40","guid":{"rendered":"http:\/\/www.sana.sy\/tr\/?p=60216"},"modified":"2016-02-04T13:00:06","modified_gmt":"2016-02-04T11:00:06","slug":"silahli-muhalifler-sivillere-yonelik-gelisiguzel-saldirilarini-surdururyor","status":"publish","type":"post","link":"https:\/\/archive.sana.sy\/tr\/?p=60216","title":{"rendered":"\u2018Silahl\u0131 muhalifler\u2019 sivillere y\u00f6nelik geli\u015fig\u00fczel sald\u0131r\u0131lar\u0131n\u0131 s\u00fcrd\u00fcr\u00fcryor"},"content":{"rendered":"<p>Kimi devletlerin \u2018Suriye muhalefeti\u2019 ad\u0131 alt\u0131nda destekledikleri ve Cenevre\u2019de Suriyeliler aras\u0131ndaki diyalog g\u00f6r\u00fc\u015fmelerinde \u2018muhalefet heyeti\u2019 aras\u0131nda yer almas\u0131na \u0131srar edip bu y\u00fczden g\u00f6r\u00fc\u015fmeleri engelledikleri ter\u00f6r \u00f6rg\u00fctleri muhtelif b\u00f6lgelerde sivillere y\u00f6nelik geli\u015fig\u00fczel f\u00fcze sald\u0131r\u0131lar\u0131n\u0131 s\u00fcrd\u00fcr\u00fcyor.<\/p>\n<p>https:\/\/www.youtube.com\/watch?v=ZY0h1q49WGo<\/p>\n<p>R.H.<\/p>\n","protected":false},"excerpt":{"rendered":"<p>Kimi devletlerin \u2018Suriye muhalefeti\u2019 ad\u0131 alt\u0131nda destekledikleri ve Cenevre\u2019de Suriyeliler aras\u0131ndaki diyalog g\u00f6r\u00fc\u015fmelerinde \u2018muhalefet heyeti\u2019 aras\u0131nda yer almas\u0131na \u0131srar edip bu y\u00fczden g\u00f6r\u00fc\u015fmeleri engelledikleri ter\u00f6r \u00f6rg\u00fctleri muhtelif b\u00f6lgelerde sivillere y\u00f6nelik geli\u015fig\u00fczel f\u00fcze sald\u0131r\u0131lar\u0131n\u0131 s\u00fcrd\u00fcr\u00fcyor. https:\/\/www.youtube.com\/watch?v=ZY0h1q49WGo R.H.<\/p>\n","protected":false},"author":1,"featured_media":60217,"comment_status":"closed","ping_status":"closed","sticky":false,"template":"","format":"standard","meta":{"footnotes":""},"categories":[18295],"tags":[18993],"class_list":["post-60216","post","type-post","status-publish","format-standard","has-post-thumbnail","","category-sana-video","tag-silahli-muhalifler-sivillere-yonelik-gelisiguzel-saldirilarini-surdururyor"],"_links":{"self":[{"href":"https:\/\/archive.sana.sy\/tr\/index.php?rest_route=\/wp\/v2\/posts\/60216","targetHints":{"allow":["GET"]}}],"collection":[{"href":"https:\/\/archive.sana.sy\/tr\/index.php?rest_route=\/wp\/v2\/posts"}],"about":[{"href":"https:\/\/archive.sana.sy\/tr\/index.php?rest_route=\/wp\/v2\/types\/post"}],"author":[{"embeddable":true,"href":"https:\/\/archive.sana.sy\/tr\/index.php?rest_route=\/wp\/v2\/users\/1"}],"replies":[{"embeddable":true,"href":"https:\/\/archive.sana.sy\/tr\/index.php?rest_route=%2Fwp%2Fv2%2Fcomments&post=60216"}],"version-history":[{"count":0,"href":"https:\/\/archive.sana.sy\/tr\/index.php?rest_route=\/wp\/v2\/posts\/60216\/revisions"}],"wp:featuredmedia":[{"embeddable":true,"href":"https:\/\/archive.sana.sy\/tr\/index.php?rest_route=\/wp\/v2\/media\/60217"}],"wp:attachment":[{"href":"https:\/\/archive.sana.sy\/tr\/index.php?rest_route=%2Fwp%2Fv2%2Fmedia&parent=60216"}],"wp:term":[{"taxonomy":"category","embeddable":true,"href":"https:\/\/archive.sana.sy\/tr\/index.php?rest_route=%2Fwp%2Fv2%2Fcategories&post=60216"},{"taxonomy":"post_tag","embeddable":true,"href":"https:\/\/archive.sana.sy\/tr\/index.php?rest_route=%2Fwp%2Fv2%2Ftags&post=60216"}],"curies":[{"name":"wp","href":"https:\/\/api.w.org\/{rel}","templated":true}]}}