{"id":60219,"date":"2016-02-04T09:00:48","date_gmt":"2016-02-04T07:00:48","guid":{"rendered":"http:\/\/www.sana.sy\/tr\/?p=60219"},"modified":"2016-02-04T13:01:46","modified_gmt":"2016-02-04T11:01:46","slug":"futbol-federasyonu-baskani-muvaffak-cuma-basin-konferansi-duzenliyor","status":"publish","type":"post","link":"https:\/\/archive.sana.sy\/tr\/?p=60219","title":{"rendered":"Futbol Federasyonu Ba\u015fkan\u0131 Muvaffak Cuma bas\u0131n konferans\u0131 d\u00fczenliyor"},"content":{"rendered":"<p>Futbol Federasyonu Ba\u015fkan\u0131 Muvaffak Cuma bas\u0131n konferans\u0131 d\u00fczenliyor<\/p>\n<p>https:\/\/www.youtube.com\/watch?v=eL5FPAAdZSM<\/p>\n<p>R.H.<\/p>\n","protected":false},"excerpt":{"rendered":"<p>Futbol Federasyonu Ba\u015fkan\u0131 Muvaffak Cuma bas\u0131n konferans\u0131 d\u00fczenliyor https:\/\/www.youtube.com\/watch?v=eL5FPAAdZSM R.H.<\/p>\n","protected":false},"author":1,"featured_media":60220,"comment_status":"closed","ping_status":"closed","sticky":false,"template":"","format":"standard","meta":{"footnotes":""},"categories":[18295],"tags":[18994],"class_list":["post-60219","post","type-post","status-publish","format-standard","has-post-thumbnail","","category-sana-video","tag-futbol-federasyonu-baskani-muvaffak-cuma-basin-konferansi-duzenliyor"],"_links":{"self":[{"href":"https:\/\/archive.sana.sy\/tr\/index.php?rest_route=\/wp\/v2\/posts\/60219","targetHints":{"allow":["GET"]}}],"collection":[{"href":"https:\/\/archive.sana.sy\/tr\/index.php?rest_route=\/wp\/v2\/posts"}],"about":[{"href":"https:\/\/archive.sana.sy\/tr\/index.php?rest_route=\/wp\/v2\/types\/post"}],"author":[{"embeddable":true,"href":"https:\/\/archive.sana.sy\/tr\/index.php?rest_route=\/wp\/v2\/users\/1"}],"replies":[{"embeddable":true,"href":"https:\/\/archive.sana.sy\/tr\/index.php?rest_route=%2Fwp%2Fv2%2Fcomments&post=60219"}],"version-history":[{"count":0,"href":"https:\/\/archive.sana.sy\/tr\/index.php?rest_route=\/wp\/v2\/posts\/60219\/revisions"}],"wp:featuredmedia":[{"embeddable":true,"href":"https:\/\/archive.sana.sy\/tr\/index.php?rest_route=\/wp\/v2\/media\/60220"}],"wp:attachment":[{"href":"https:\/\/archive.sana.sy\/tr\/index.php?rest_route=%2Fwp%2Fv2%2Fmedia&parent=60219"}],"wp:term":[{"taxonomy":"category","embeddable":true,"href":"https:\/\/archive.sana.sy\/tr\/index.php?rest_route=%2Fwp%2Fv2%2Fcategories&post=60219"},{"taxonomy":"post_tag","embeddable":true,"href":"https:\/\/archive.sana.sy\/tr\/index.php?rest_route=%2Fwp%2Fv2%2Ftags&post=60219"}],"curies":[{"name":"wp","href":"https:\/\/api.w.org\/{rel}","templated":true}]}}