{"id":60255,"date":"2016-02-04T09:16:31","date_gmt":"2016-02-04T07:16:31","guid":{"rendered":"http:\/\/www.sana.sy\/tr\/?p=60255"},"modified":"2016-02-04T14:03:00","modified_gmt":"2016-02-04T12:03:00","slug":"lavrov-ortadogu-bolgesinde-terorle-mucadelede-butunsel-cabalarin-olmasi-geregine-dikkat-cekerken-bolge-ulkeleri-ve-halklarinin-egemenlik-ve-mesru-haklarina-saygi-gosterilmesi-oneminin-altini-cizdi","status":"publish","type":"post","link":"https:\/\/archive.sana.sy\/tr\/?p=60255","title":{"rendered":"Lavrov Ortado\u011fu B\u00f6lgesinde ter\u00f6rle m\u00fccadelede b\u00fct\u00fcnsel \u00e7abalar\u0131n olmas\u0131 gere\u011fine dikkat \u00e7ekerken, b\u00f6lge \u00fclkeleri ve halklar\u0131n\u0131n egemenlik ve me\u015fru haklar\u0131na sayg\u0131 g\u00f6sterilmesi \u00f6neminin alt\u0131n\u0131 \u00e7izdi"},"content":{"rendered":"<p>Lavrov Ortado\u011fu B\u00f6lgesinde ter\u00f6rle m\u00fccadelede b\u00fct\u00fcnsel \u00e7abalar\u0131n olmas\u0131 gere\u011fine dikkat \u00e7ekerken, b\u00f6lge \u00fclkeleri ve halklar\u0131n\u0131n egemenlik ve me\u015fru haklar\u0131na sayg\u0131 g\u00f6sterilmesi \u00f6neminin alt\u0131n\u0131 \u00e7izdi<\/p>\n","protected":false},"excerpt":{"rendered":"<p>Lavrov Ortado\u011fu B\u00f6lgesinde ter\u00f6rle m\u00fccadelede b\u00fct\u00fcnsel \u00e7abalar\u0131n olmas\u0131 gere\u011fine dikkat \u00e7ekerken, b\u00f6lge \u00fclkeleri ve halklar\u0131n\u0131n egemenlik ve me\u015fru haklar\u0131na sayg\u0131 g\u00f6sterilmesi \u00f6neminin alt\u0131n\u0131 \u00e7izdi<\/p>\n","protected":false},"author":1,"featured_media":0,"comment_status":"closed","ping_status":"closed","sticky":false,"template":"","format":"standard","meta":{"footnotes":""},"categories":[17991],"tags":[],"class_list":["post-60255","post","type-post","status-publish","format-standard","","category-son-dakika"],"_links":{"self":[{"href":"https:\/\/archive.sana.sy\/tr\/index.php?rest_route=\/wp\/v2\/posts\/60255","targetHints":{"allow":["GET"]}}],"collection":[{"href":"https:\/\/archive.sana.sy\/tr\/index.php?rest_route=\/wp\/v2\/posts"}],"about":[{"href":"https:\/\/archive.sana.sy\/tr\/index.php?rest_route=\/wp\/v2\/types\/post"}],"author":[{"embeddable":true,"href":"https:\/\/archive.sana.sy\/tr\/index.php?rest_route=\/wp\/v2\/users\/1"}],"replies":[{"embeddable":true,"href":"https:\/\/archive.sana.sy\/tr\/index.php?rest_route=%2Fwp%2Fv2%2Fcomments&post=60255"}],"version-history":[{"count":0,"href":"https:\/\/archive.sana.sy\/tr\/index.php?rest_route=\/wp\/v2\/posts\/60255\/revisions"}],"wp:attachment":[{"href":"https:\/\/archive.sana.sy\/tr\/index.php?rest_route=%2Fwp%2Fv2%2Fmedia&parent=60255"}],"wp:term":[{"taxonomy":"category","embeddable":true,"href":"https:\/\/archive.sana.sy\/tr\/index.php?rest_route=%2Fwp%2Fv2%2Fcategories&post=60255"},{"taxonomy":"post_tag","embeddable":true,"href":"https:\/\/archive.sana.sy\/tr\/index.php?rest_route=%2Fwp%2Fv2%2Ftags&post=60255"}],"curies":[{"name":"wp","href":"https:\/\/api.w.org\/{rel}","templated":true}]}}