{"id":60258,"date":"2016-02-04T09:11:32","date_gmt":"2016-02-04T07:11:32","guid":{"rendered":"http:\/\/www.sana.sy\/tr\/?p=60258"},"modified":"2016-02-04T14:02:32","modified_gmt":"2016-02-04T12:02:32","slug":"rusya-disisleri-bakani-lavrov-italyan-limes-dergisine-bugun-yaptigi-aciklamalarinda-isid-teror-orgutunun-nihai-hezimetinin-ufuklarda-gozukmeye-basladigini-belirtti","status":"publish","type":"post","link":"https:\/\/archive.sana.sy\/tr\/?p=60258","title":{"rendered":"Rusya D\u0131\u015fi\u015fleri Bakan\u0131 Lavrov \u0130talyan Limes Dergisine bug\u00fcn yapt\u0131\u011f\u0131 a\u00e7\u0131klamalar\u0131nda; I\u015e\u0130D ter\u00f6r \u00f6rg\u00fct\u00fcn\u00fcn nihai hezimetinin ufuklarda g\u00f6z\u00fckmeye ba\u015flad\u0131\u011f\u0131n\u0131 belirtti"},"content":{"rendered":"<p>Rusya D\u0131\u015fi\u015fleri Bakan\u0131 Lavrov \u0130talyan Limes Dergisine bug\u00fcn yapt\u0131\u011f\u0131 a\u00e7\u0131klamalar\u0131nda; I\u015e\u0130D ter\u00f6r \u00f6rg\u00fct\u00fcn\u00fcn nihai hezimetinin ufuklarda g\u00f6z\u00fckmeye ba\u015flad\u0131\u011f\u0131n\u0131 belirtti<\/p>\n","protected":false},"excerpt":{"rendered":"<p>Rusya D\u0131\u015fi\u015fleri Bakan\u0131 Lavrov \u0130talyan Limes Dergisine bug\u00fcn yapt\u0131\u011f\u0131 a\u00e7\u0131klamalar\u0131nda; I\u015e\u0130D ter\u00f6r \u00f6rg\u00fct\u00fcn\u00fcn nihai hezimetinin ufuklarda g\u00f6z\u00fckmeye ba\u015flad\u0131\u011f\u0131n\u0131 belirtti<\/p>\n","protected":false},"author":1,"featured_media":0,"comment_status":"closed","ping_status":"closed","sticky":false,"template":"","format":"standard","meta":{"footnotes":""},"categories":[17991],"tags":[],"class_list":["post-60258","post","type-post","status-publish","format-standard","","category-son-dakika"],"_links":{"self":[{"href":"https:\/\/archive.sana.sy\/tr\/index.php?rest_route=\/wp\/v2\/posts\/60258","targetHints":{"allow":["GET"]}}],"collection":[{"href":"https:\/\/archive.sana.sy\/tr\/index.php?rest_route=\/wp\/v2\/posts"}],"about":[{"href":"https:\/\/archive.sana.sy\/tr\/index.php?rest_route=\/wp\/v2\/types\/post"}],"author":[{"embeddable":true,"href":"https:\/\/archive.sana.sy\/tr\/index.php?rest_route=\/wp\/v2\/users\/1"}],"replies":[{"embeddable":true,"href":"https:\/\/archive.sana.sy\/tr\/index.php?rest_route=%2Fwp%2Fv2%2Fcomments&post=60258"}],"version-history":[{"count":0,"href":"https:\/\/archive.sana.sy\/tr\/index.php?rest_route=\/wp\/v2\/posts\/60258\/revisions"}],"wp:attachment":[{"href":"https:\/\/archive.sana.sy\/tr\/index.php?rest_route=%2Fwp%2Fv2%2Fmedia&parent=60258"}],"wp:term":[{"taxonomy":"category","embeddable":true,"href":"https:\/\/archive.sana.sy\/tr\/index.php?rest_route=%2Fwp%2Fv2%2Fcategories&post=60258"},{"taxonomy":"post_tag","embeddable":true,"href":"https:\/\/archive.sana.sy\/tr\/index.php?rest_route=%2Fwp%2Fv2%2Ftags&post=60258"}],"curies":[{"name":"wp","href":"https:\/\/api.w.org\/{rel}","templated":true}]}}