{"id":60264,"date":"2016-02-04T09:26:12","date_gmt":"2016-02-04T07:26:12","guid":{"rendered":"http:\/\/www.sana.sy\/tr\/?p=60264"},"modified":"2016-02-04T14:03:55","modified_gmt":"2016-02-04T12:03:55","slug":"turkiyedeki-rejimin-24-kasim-tarihinde-suriyede-terore-karsi-operasyonu-sirasinda-rus-bir-savas-ucagini-suriye-hava-sahasinda-dusurmesinin-tum-dis-taraflar-icin-hakikatin-anini-teskil-ettigini-bel","status":"publish","type":"post","link":"https:\/\/archive.sana.sy\/tr\/?p=60264","title":{"rendered":"T\u00fcrkiye&#8217;deki rejimin 24 Kas\u0131m tarihinde Suriye&#8217;de ter\u00f6re kar\u015f\u0131 operasyonu s\u0131ras\u0131nda Rus bir sava\u015f u\u00e7a\u011f\u0131n\u0131 Suriye hava sahas\u0131nda d\u00fc\u015f\u00fcrmesinin t\u00fcm d\u0131\u015f taraflar i\u00e7in hakikatin an\u0131n\u0131 te\u015fkil etti\u011fini belirten Lavrov; herkesin ya ter\u00f6rden yana ya da ter\u00f6re kar\u015f\u0131 tutumunu net bir \u015fekilde belirlemesi gerekti\u011fini vurgulad\u0131"},"content":{"rendered":"<p>T\u00fcrkiye&#8217;deki rejimin 24 Kas\u0131m tarihinde Suriye&#8217;de ter\u00f6re kar\u015f\u0131 operasyonu s\u0131ras\u0131nda Rus bir sava\u015f u\u00e7a\u011f\u0131n\u0131 Suriye hava sahas\u0131nda d\u00fc\u015f\u00fcrmesinin t\u00fcm d\u0131\u015f taraflar i\u00e7in hakikatin an\u0131n\u0131 te\u015fkil etti\u011fini belirten Lavrov; herkesin ya ter\u00f6rden yana ya da ter\u00f6re kar\u015f\u0131 tutumunu net bir \u015fekilde belirlemesi gerekti\u011fini vurgulad\u0131<\/p>\n","protected":false},"excerpt":{"rendered":"<p>T\u00fcrkiye&#8217;deki rejimin 24 Kas\u0131m tarihinde Suriye&#8217;de ter\u00f6re kar\u015f\u0131 operasyonu s\u0131ras\u0131nda Rus bir sava\u015f u\u00e7a\u011f\u0131n\u0131 Suriye hava sahas\u0131nda d\u00fc\u015f\u00fcrmesinin t\u00fcm d\u0131\u015f taraflar i\u00e7in hakikatin an\u0131n\u0131 te\u015fkil etti\u011fini belirten Lavrov; herkesin ya ter\u00f6rden yana ya da ter\u00f6re kar\u015f\u0131 tutumunu net bir \u015fekilde belirlemesi gerekti\u011fini vurgulad\u0131<\/p>\n","protected":false},"author":1,"featured_media":0,"comment_status":"closed","ping_status":"closed","sticky":false,"template":"","format":"standard","meta":{"footnotes":""},"categories":[17991],"tags":[],"class_list":["post-60264","post","type-post","status-publish","format-standard","","category-son-dakika"],"_links":{"self":[{"href":"https:\/\/archive.sana.sy\/tr\/index.php?rest_route=\/wp\/v2\/posts\/60264","targetHints":{"allow":["GET"]}}],"collection":[{"href":"https:\/\/archive.sana.sy\/tr\/index.php?rest_route=\/wp\/v2\/posts"}],"about":[{"href":"https:\/\/archive.sana.sy\/tr\/index.php?rest_route=\/wp\/v2\/types\/post"}],"author":[{"embeddable":true,"href":"https:\/\/archive.sana.sy\/tr\/index.php?rest_route=\/wp\/v2\/users\/1"}],"replies":[{"embeddable":true,"href":"https:\/\/archive.sana.sy\/tr\/index.php?rest_route=%2Fwp%2Fv2%2Fcomments&post=60264"}],"version-history":[{"count":0,"href":"https:\/\/archive.sana.sy\/tr\/index.php?rest_route=\/wp\/v2\/posts\/60264\/revisions"}],"wp:attachment":[{"href":"https:\/\/archive.sana.sy\/tr\/index.php?rest_route=%2Fwp%2Fv2%2Fmedia&parent=60264"}],"wp:term":[{"taxonomy":"category","embeddable":true,"href":"https:\/\/archive.sana.sy\/tr\/index.php?rest_route=%2Fwp%2Fv2%2Fcategories&post=60264"},{"taxonomy":"post_tag","embeddable":true,"href":"https:\/\/archive.sana.sy\/tr\/index.php?rest_route=%2Fwp%2Fv2%2Ftags&post=60264"}],"curies":[{"name":"wp","href":"https:\/\/api.w.org\/{rel}","templated":true}]}}