{"id":60266,"date":"2016-02-04T09:30:44","date_gmt":"2016-02-04T07:30:44","guid":{"rendered":"http:\/\/www.sana.sy\/tr\/?p=60266"},"modified":"2016-02-04T14:04:20","modified_gmt":"2016-02-04T12:04:20","slug":"lavrov-cenevre-ve-viyana-deklarasyonlarinin-yani-sira-bm-kararlarinin-ortu-ve-carpitma-vesilesi-olarak-kullanilmasi-yerine-bu-kararlarin-ilkelerine-bagli-kalinmasi-onemine-dikkat-cekti-bir-kisim-tar","status":"publish","type":"post","link":"https:\/\/archive.sana.sy\/tr\/?p=60266","title":{"rendered":"Lavrov; Cenevre ve Viyana deklarasyonlar\u0131n\u0131n yan\u0131 s\u0131ra BM kararlar\u0131n\u0131n \u00f6rt\u00fc ve \u00e7arp\u0131tma vesilesi olarak kullan\u0131lmas\u0131 yerine bu kararlar\u0131n ilkelerine ba\u011fl\u0131 kal\u0131nmas\u0131 \u00f6nemine dikkat \u00e7ekti. Bir k\u0131s\u0131m taraflar\u0131n dar ve ki\u015fisel \u00e7\u0131karlar\u0131 i\u00e7in ter\u00f6r \u00f6rg\u00fctleriyle gizli ba\u011flant\u0131lar kurduklar\u0131na dikkat \u00e7eken Lavrov, \u00e7al\u0131nt\u0131 petrol ve tarihi eser ticaretinin bunlar\u0131n aras\u0131nda say\u0131ld\u0131\u011f\u0131na vurgu yapt\u0131"},"content":{"rendered":"<p>Lavrov; Cenevre ve Viyana deklarasyonlar\u0131n\u0131n yan\u0131 s\u0131ra BM kararlar\u0131n\u0131n \u00f6rt\u00fc ve \u00e7arp\u0131tma vesilesi olarak kullan\u0131lmas\u0131 yerine bu kararlar\u0131n ilkelerine ba\u011fl\u0131 kal\u0131nmas\u0131 \u00f6nemine dikkat \u00e7ekti. Bir k\u0131s\u0131m taraflar\u0131n dar ve ki\u015fisel \u00e7\u0131karlar\u0131 i\u00e7in ter\u00f6r \u00f6rg\u00fctleriyle gizli ba\u011flant\u0131lar kurduklar\u0131na dikkat \u00e7eken Lavrov, \u00e7al\u0131nt\u0131 petrol ve tarihi eser ticaretinin bunlar\u0131n aras\u0131nda say\u0131ld\u0131\u011f\u0131na vurgu yapt\u0131<\/p>\n","protected":false},"excerpt":{"rendered":"<p>Lavrov; Cenevre ve Viyana deklarasyonlar\u0131n\u0131n yan\u0131 s\u0131ra BM kararlar\u0131n\u0131n \u00f6rt\u00fc ve \u00e7arp\u0131tma vesilesi olarak kullan\u0131lmas\u0131 yerine bu kararlar\u0131n ilkelerine ba\u011fl\u0131 kal\u0131nmas\u0131 \u00f6nemine dikkat \u00e7ekti. Bir k\u0131s\u0131m taraflar\u0131n dar ve ki\u015fisel \u00e7\u0131karlar\u0131 i\u00e7in ter\u00f6r \u00f6rg\u00fctleriyle gizli ba\u011flant\u0131lar kurduklar\u0131na dikkat \u00e7eken Lavrov, \u00e7al\u0131nt\u0131 petrol ve tarihi eser ticaretinin bunlar\u0131n aras\u0131nda say\u0131ld\u0131\u011f\u0131na vurgu yapt\u0131<\/p>\n","protected":false},"author":1,"featured_media":0,"comment_status":"closed","ping_status":"closed","sticky":false,"template":"","format":"standard","meta":{"footnotes":""},"categories":[17991],"tags":[],"class_list":["post-60266","post","type-post","status-publish","format-standard","","category-son-dakika"],"_links":{"self":[{"href":"https:\/\/archive.sana.sy\/tr\/index.php?rest_route=\/wp\/v2\/posts\/60266","targetHints":{"allow":["GET"]}}],"collection":[{"href":"https:\/\/archive.sana.sy\/tr\/index.php?rest_route=\/wp\/v2\/posts"}],"about":[{"href":"https:\/\/archive.sana.sy\/tr\/index.php?rest_route=\/wp\/v2\/types\/post"}],"author":[{"embeddable":true,"href":"https:\/\/archive.sana.sy\/tr\/index.php?rest_route=\/wp\/v2\/users\/1"}],"replies":[{"embeddable":true,"href":"https:\/\/archive.sana.sy\/tr\/index.php?rest_route=%2Fwp%2Fv2%2Fcomments&post=60266"}],"version-history":[{"count":0,"href":"https:\/\/archive.sana.sy\/tr\/index.php?rest_route=\/wp\/v2\/posts\/60266\/revisions"}],"wp:attachment":[{"href":"https:\/\/archive.sana.sy\/tr\/index.php?rest_route=%2Fwp%2Fv2%2Fmedia&parent=60266"}],"wp:term":[{"taxonomy":"category","embeddable":true,"href":"https:\/\/archive.sana.sy\/tr\/index.php?rest_route=%2Fwp%2Fv2%2Fcategories&post=60266"},{"taxonomy":"post_tag","embeddable":true,"href":"https:\/\/archive.sana.sy\/tr\/index.php?rest_route=%2Fwp%2Fv2%2Ftags&post=60266"}],"curies":[{"name":"wp","href":"https:\/\/api.w.org\/{rel}","templated":true}]}}