{"id":60268,"date":"2016-02-04T09:35:06","date_gmt":"2016-02-04T07:35:06","guid":{"rendered":"http:\/\/www.sana.sy\/tr\/?p=60268"},"modified":"2016-02-04T14:04:43","modified_gmt":"2016-02-04T12:04:43","slug":"rusya-acisindan-terorle-mucadelenin-kararli-ve-azimli-bir-tutum-oldugunu-ifade-eden-lavrov-turkiye-rejimi-ya-da-onlu-provoke-edenlerin-rus-savas-ucagini-dusurmekle-bunu-engelleyebileceklerini-dusunme","status":"publish","type":"post","link":"https:\/\/archive.sana.sy\/tr\/?p=60268","title":{"rendered":"Rusya a\u00e7\u0131s\u0131ndan ter\u00f6rle m\u00fccadelenin kararl\u0131 ve azimli bir tutum oldu\u011funu ifade eden Lavrov; T\u00fcrkiye rejimi ya da onlu provoke edenlerin Rus sava\u015f u\u00e7a\u011f\u0131n\u0131 d\u00fc\u015f\u00fcrmekle bunu engelleyebileceklerini d\u00fc\u015f\u00fcnmeleri halinde b\u00fcy\u00fck bir yan\u0131lg\u0131ya d\u00fc\u015ft\u00fcklerini belirtti"},"content":{"rendered":"<p>Rusya a\u00e7\u0131s\u0131ndan ter\u00f6rle m\u00fccadelenin kararl\u0131 ve azimli bir tutum oldu\u011funu ifade eden Lavrov; T\u00fcrkiye rejimi ya da onlu provoke edenlerin Rus sava\u015f u\u00e7a\u011f\u0131n\u0131 d\u00fc\u015f\u00fcrmekle bunu engelleyebileceklerini d\u00fc\u015f\u00fcnmeleri halinde b\u00fcy\u00fck bir yan\u0131lg\u0131ya d\u00fc\u015ft\u00fcklerini belirtti<\/p>\n","protected":false},"excerpt":{"rendered":"<p>Rusya a\u00e7\u0131s\u0131ndan ter\u00f6rle m\u00fccadelenin kararl\u0131 ve azimli bir tutum oldu\u011funu ifade eden Lavrov; T\u00fcrkiye rejimi ya da onlu provoke edenlerin Rus sava\u015f u\u00e7a\u011f\u0131n\u0131 d\u00fc\u015f\u00fcrmekle bunu engelleyebileceklerini d\u00fc\u015f\u00fcnmeleri halinde b\u00fcy\u00fck bir yan\u0131lg\u0131ya d\u00fc\u015ft\u00fcklerini belirtti<\/p>\n","protected":false},"author":1,"featured_media":0,"comment_status":"closed","ping_status":"closed","sticky":false,"template":"","format":"standard","meta":{"footnotes":""},"categories":[17991],"tags":[],"class_list":["post-60268","post","type-post","status-publish","format-standard","","category-son-dakika"],"_links":{"self":[{"href":"https:\/\/archive.sana.sy\/tr\/index.php?rest_route=\/wp\/v2\/posts\/60268","targetHints":{"allow":["GET"]}}],"collection":[{"href":"https:\/\/archive.sana.sy\/tr\/index.php?rest_route=\/wp\/v2\/posts"}],"about":[{"href":"https:\/\/archive.sana.sy\/tr\/index.php?rest_route=\/wp\/v2\/types\/post"}],"author":[{"embeddable":true,"href":"https:\/\/archive.sana.sy\/tr\/index.php?rest_route=\/wp\/v2\/users\/1"}],"replies":[{"embeddable":true,"href":"https:\/\/archive.sana.sy\/tr\/index.php?rest_route=%2Fwp%2Fv2%2Fcomments&post=60268"}],"version-history":[{"count":0,"href":"https:\/\/archive.sana.sy\/tr\/index.php?rest_route=\/wp\/v2\/posts\/60268\/revisions"}],"wp:attachment":[{"href":"https:\/\/archive.sana.sy\/tr\/index.php?rest_route=%2Fwp%2Fv2%2Fmedia&parent=60268"}],"wp:term":[{"taxonomy":"category","embeddable":true,"href":"https:\/\/archive.sana.sy\/tr\/index.php?rest_route=%2Fwp%2Fv2%2Fcategories&post=60268"},{"taxonomy":"post_tag","embeddable":true,"href":"https:\/\/archive.sana.sy\/tr\/index.php?rest_route=%2Fwp%2Fv2%2Ftags&post=60268"}],"curies":[{"name":"wp","href":"https:\/\/api.w.org\/{rel}","templated":true}]}}