{"id":60271,"date":"2016-02-04T09:40:55","date_gmt":"2016-02-04T07:40:55","guid":{"rendered":"http:\/\/www.sana.sy\/tr\/?p=60271"},"modified":"2016-02-04T14:05:14","modified_gmt":"2016-02-04T12:05:14","slug":"lavrov-rusyanin-tum-baski-ve-cabalara-ragmen-terore-karsi-savasini-surdureceginin-altini-cizdi-rusyanin-rus-ucagi-dusuren-ve-pilotunu-olduren-turkiye-yetkilileri-ile-turkiye-halkindaki-dostlari-a","status":"publish","type":"post","link":"https:\/\/archive.sana.sy\/tr\/?p=60271","title":{"rendered":"Lavrov Rusya&#8217;n\u0131n t\u00fcm bask\u0131 ve \u00e7abalara ra\u011fmen ter\u00f6re kar\u015f\u0131 sava\u015f\u0131n\u0131 s\u00fcrd\u00fcrece\u011finin alt\u0131n\u0131 \u00e7izdi. Rusya&#8217;n\u0131n Rus u\u00e7a\u011f\u0131 d\u00fc\u015f\u00fcren ve pilotunu \u00f6ld\u00fcren T\u00fcrkiye yetkilileri ile T\u00fcrkiye halk\u0131ndaki dostlar\u0131 aras\u0131nda fark g\u00f6rd\u00fc\u011f\u00fcn\u00fc belirten Lavrov; Rusya&#8217;n\u0131n kimi T\u00fcrk taraflar\u0131n ter\u00f6re desteklerini unutmayaca\u011f\u0131n\u0131 vurgulad\u0131"},"content":{"rendered":"<p>Lavrov Rusya&#8217;n\u0131n t\u00fcm bask\u0131 ve \u00e7abalara ra\u011fmen ter\u00f6re kar\u015f\u0131 sava\u015f\u0131n\u0131 s\u00fcrd\u00fcrece\u011finin alt\u0131n\u0131 \u00e7izdi. Rusya&#8217;n\u0131n Rus u\u00e7a\u011f\u0131 d\u00fc\u015f\u00fcren ve pilotunu \u00f6ld\u00fcren T\u00fcrkiye yetkilileri ile T\u00fcrkiye halk\u0131ndaki dostlar\u0131 aras\u0131nda fark g\u00f6rd\u00fc\u011f\u00fcn\u00fc belirten Lavrov; Rusya&#8217;n\u0131n kimi T\u00fcrk taraflar\u0131n ter\u00f6re desteklerini unutmayaca\u011f\u0131n\u0131 vurgulad\u0131<\/p>\n","protected":false},"excerpt":{"rendered":"<p>Lavrov Rusya&#8217;n\u0131n t\u00fcm bask\u0131 ve \u00e7abalara ra\u011fmen ter\u00f6re kar\u015f\u0131 sava\u015f\u0131n\u0131 s\u00fcrd\u00fcrece\u011finin alt\u0131n\u0131 \u00e7izdi. Rusya&#8217;n\u0131n Rus u\u00e7a\u011f\u0131 d\u00fc\u015f\u00fcren ve pilotunu \u00f6ld\u00fcren T\u00fcrkiye yetkilileri ile T\u00fcrkiye halk\u0131ndaki dostlar\u0131 aras\u0131nda fark g\u00f6rd\u00fc\u011f\u00fcn\u00fc belirten Lavrov; Rusya&#8217;n\u0131n kimi T\u00fcrk taraflar\u0131n ter\u00f6re desteklerini unutmayaca\u011f\u0131n\u0131 vurgulad\u0131<\/p>\n","protected":false},"author":1,"featured_media":0,"comment_status":"closed","ping_status":"closed","sticky":false,"template":"","format":"standard","meta":{"footnotes":""},"categories":[17991],"tags":[],"class_list":["post-60271","post","type-post","status-publish","format-standard","","category-son-dakika"],"_links":{"self":[{"href":"https:\/\/archive.sana.sy\/tr\/index.php?rest_route=\/wp\/v2\/posts\/60271","targetHints":{"allow":["GET"]}}],"collection":[{"href":"https:\/\/archive.sana.sy\/tr\/index.php?rest_route=\/wp\/v2\/posts"}],"about":[{"href":"https:\/\/archive.sana.sy\/tr\/index.php?rest_route=\/wp\/v2\/types\/post"}],"author":[{"embeddable":true,"href":"https:\/\/archive.sana.sy\/tr\/index.php?rest_route=\/wp\/v2\/users\/1"}],"replies":[{"embeddable":true,"href":"https:\/\/archive.sana.sy\/tr\/index.php?rest_route=%2Fwp%2Fv2%2Fcomments&post=60271"}],"version-history":[{"count":0,"href":"https:\/\/archive.sana.sy\/tr\/index.php?rest_route=\/wp\/v2\/posts\/60271\/revisions"}],"wp:attachment":[{"href":"https:\/\/archive.sana.sy\/tr\/index.php?rest_route=%2Fwp%2Fv2%2Fmedia&parent=60271"}],"wp:term":[{"taxonomy":"category","embeddable":true,"href":"https:\/\/archive.sana.sy\/tr\/index.php?rest_route=%2Fwp%2Fv2%2Fcategories&post=60271"},{"taxonomy":"post_tag","embeddable":true,"href":"https:\/\/archive.sana.sy\/tr\/index.php?rest_route=%2Fwp%2Fv2%2Ftags&post=60271"}],"curies":[{"name":"wp","href":"https:\/\/api.w.org\/{rel}","templated":true}]}}