{"id":60285,"date":"2016-02-04T13:01:18","date_gmt":"2016-02-04T11:01:18","guid":{"rendered":"http:\/\/www.sana.sy\/tr\/?p=60285"},"modified":"2016-02-04T14:36:40","modified_gmt":"2016-02-04T12:36:40","slug":"suriye-arap-cumhuriyeti-belli-basli-kimi-tafralarca-desteklenen-cokuluslu-tekfirci-terorun-vatanin-kutsal-her-karis-topragindan-temizleme-mucadelesinde-basarilarini-surduren-suriye-kahraman-suriye-or","status":"publish","type":"post","link":"https:\/\/archive.sana.sy\/tr\/?p=60285","title":{"rendered":"Suriye Arap Cumhuriyeti; belli ba\u015fl\u0131 kimi tafralarca desteklenen \u00e7okuluslu tekfirci ter\u00f6r\u00fcn vatan\u0131n kutsal her kar\u0131\u015f topra\u011f\u0131ndan temizleme m\u00fccadelesinde ba\u015far\u0131lar\u0131n\u0131 s\u00fcrd\u00fcren Suriye kahraman Suriye ordusu ve onunla omuz omuza olan Suriye halk\u0131n\u0131n; g\u00fcvenlik ve istikrar\u0131n sa\u011flanmas\u0131na ek olarak halka onurlu ve h\u00fcr ya\u015fam temin edecek siyasi \u00e7\u00f6z\u00fcm\u00fcn Suriyeliler aras\u0131nda sa\u011flanmas\u0131 \u00e7abalar\u0131n\u0131 azimle s\u00fcrd\u00fcreceklerini vurgulad\u0131"},"content":{"rendered":"<p>Suriye Arap Cumhuriyeti; belli ba\u015fl\u0131 kimi tafralarca desteklenen \u00e7okuluslu tekfirci ter\u00f6r\u00fcn vatan\u0131n kutsal her kar\u0131\u015f topra\u011f\u0131ndan temizleme m\u00fccadelesinde ba\u015far\u0131lar\u0131n\u0131 s\u00fcrd\u00fcren Suriye kahraman Suriye ordusu ve onunla omuz omuza olan Suriye halk\u0131n\u0131n; g\u00fcvenlik ve istikrar\u0131n sa\u011flanmas\u0131na ek olarak halka onurlu ve h\u00fcr ya\u015fam temin edecek siyasi \u00e7\u00f6z\u00fcm\u00fcn Suriyeliler aras\u0131nda sa\u011flanmas\u0131 \u00e7abalar\u0131n\u0131 azimle s\u00fcrd\u00fcreceklerini vurgulad\u0131<\/p>\n","protected":false},"excerpt":{"rendered":"<p>Suriye Arap Cumhuriyeti; belli ba\u015fl\u0131 kimi tafralarca desteklenen \u00e7okuluslu tekfirci ter\u00f6r\u00fcn vatan\u0131n kutsal her kar\u0131\u015f topra\u011f\u0131ndan temizleme m\u00fccadelesinde ba\u015far\u0131lar\u0131n\u0131 s\u00fcrd\u00fcren Suriye kahraman Suriye ordusu ve onunla omuz omuza olan Suriye halk\u0131n\u0131n; g\u00fcvenlik ve istikrar\u0131n sa\u011flanmas\u0131na ek olarak halka onurlu ve h\u00fcr ya\u015fam temin edecek siyasi \u00e7\u00f6z\u00fcm\u00fcn Suriyeliler aras\u0131nda sa\u011flanmas\u0131 \u00e7abalar\u0131n\u0131 azimle s\u00fcrd\u00fcreceklerini vurgulad\u0131<\/p>\n","protected":false},"author":1,"featured_media":0,"comment_status":"closed","ping_status":"closed","sticky":false,"template":"","format":"standard","meta":{"footnotes":""},"categories":[17991],"tags":[],"class_list":["post-60285","post","type-post","status-publish","format-standard","","category-son-dakika"],"_links":{"self":[{"href":"https:\/\/archive.sana.sy\/tr\/index.php?rest_route=\/wp\/v2\/posts\/60285","targetHints":{"allow":["GET"]}}],"collection":[{"href":"https:\/\/archive.sana.sy\/tr\/index.php?rest_route=\/wp\/v2\/posts"}],"about":[{"href":"https:\/\/archive.sana.sy\/tr\/index.php?rest_route=\/wp\/v2\/types\/post"}],"author":[{"embeddable":true,"href":"https:\/\/archive.sana.sy\/tr\/index.php?rest_route=\/wp\/v2\/users\/1"}],"replies":[{"embeddable":true,"href":"https:\/\/archive.sana.sy\/tr\/index.php?rest_route=%2Fwp%2Fv2%2Fcomments&post=60285"}],"version-history":[{"count":0,"href":"https:\/\/archive.sana.sy\/tr\/index.php?rest_route=\/wp\/v2\/posts\/60285\/revisions"}],"wp:attachment":[{"href":"https:\/\/archive.sana.sy\/tr\/index.php?rest_route=%2Fwp%2Fv2%2Fmedia&parent=60285"}],"wp:term":[{"taxonomy":"category","embeddable":true,"href":"https:\/\/archive.sana.sy\/tr\/index.php?rest_route=%2Fwp%2Fv2%2Fcategories&post=60285"},{"taxonomy":"post_tag","embeddable":true,"href":"https:\/\/archive.sana.sy\/tr\/index.php?rest_route=%2Fwp%2Fv2%2Ftags&post=60285"}],"curies":[{"name":"wp","href":"https:\/\/api.w.org\/{rel}","templated":true}]}}