{"id":60287,"date":"2016-02-04T13:16:06","date_gmt":"2016-02-04T11:16:06","guid":{"rendered":"http:\/\/www.sana.sy\/tr\/?p=60287"},"modified":"2016-02-04T14:42:56","modified_gmt":"2016-02-04T12:42:56","slug":"suriye-ordusunun-savunmasiz-sivil-vatandaslari-canli-kalkan-olarak-kullanmakla-birlikte-en-mesru-ve-dogal-haklarindan-mahrum-ederek-ac-susuz-ve-ilacsiz-birakarak-destekci-rejimlerle-birlikte-insani-d","status":"publish","type":"post","link":"https:\/\/archive.sana.sy\/tr\/?p=60287","title":{"rendered":"Suriye ordusunun; savunmas\u0131z sivil vatanda\u015flar\u0131 canl\u0131 kalkan olarak kullanmakla birlikte en me\u015fru ve do\u011fal haklar\u0131ndan mahrum ederek a\u00e7 susuz ve ila\u00e7s\u0131z b\u0131rakarak destek\u00e7i rejimlerle birlikte insani durumlar\u0131 politik bask\u0131larda kullanan ter\u00f6ristlere kar\u015f\u0131 \u00f6nemli bir zafer elde etmi\u015f oldu\u011funu ifade eden kaynak; ter\u00f6re kar\u015f\u0131 sava\u015f\u0131n\u0131 s\u00fcrd\u00fcrme kararl\u0131l\u0131\u011f\u0131 ve azminde oldu\u011funun bir kez daha alt\u0131n\u0131 \u00e7izdi"},"content":{"rendered":"<p>Suriye ordusunun; savunmas\u0131z sivil vatanda\u015flar\u0131 canl\u0131 kalkan olarak kullanmakla birlikte en me\u015fru ve do\u011fal haklar\u0131ndan mahrum ederek a\u00e7 susuz ve ila\u00e7s\u0131z b\u0131rakarak destek\u00e7i rejimlerle birlikte insani durumlar\u0131 politik bask\u0131larda kullanan ter\u00f6ristlere kar\u015f\u0131 \u00f6nemli bir zafer elde etmi\u015f oldu\u011funu ifade eden kaynak; ter\u00f6re kar\u015f\u0131 sava\u015f\u0131n\u0131 s\u00fcrd\u00fcrme kararl\u0131l\u0131\u011f\u0131 ve azminde oldu\u011funun bir kez daha alt\u0131n\u0131 \u00e7izdi<\/p>\n","protected":false},"excerpt":{"rendered":"<p>Suriye ordusunun; savunmas\u0131z sivil vatanda\u015flar\u0131 canl\u0131 kalkan olarak kullanmakla birlikte en me\u015fru ve do\u011fal haklar\u0131ndan mahrum ederek a\u00e7 susuz ve ila\u00e7s\u0131z b\u0131rakarak destek\u00e7i rejimlerle birlikte insani durumlar\u0131 politik bask\u0131larda kullanan ter\u00f6ristlere kar\u015f\u0131 \u00f6nemli bir zafer elde etmi\u015f oldu\u011funu ifade eden kaynak; ter\u00f6re kar\u015f\u0131 sava\u015f\u0131n\u0131 s\u00fcrd\u00fcrme kararl\u0131l\u0131\u011f\u0131 ve azminde oldu\u011funun bir kez daha alt\u0131n\u0131 \u00e7izdi<\/p>\n","protected":false},"author":1,"featured_media":0,"comment_status":"closed","ping_status":"closed","sticky":false,"template":"","format":"standard","meta":{"footnotes":""},"categories":[17991],"tags":[],"class_list":["post-60287","post","type-post","status-publish","format-standard","","category-son-dakika"],"_links":{"self":[{"href":"https:\/\/archive.sana.sy\/tr\/index.php?rest_route=\/wp\/v2\/posts\/60287","targetHints":{"allow":["GET"]}}],"collection":[{"href":"https:\/\/archive.sana.sy\/tr\/index.php?rest_route=\/wp\/v2\/posts"}],"about":[{"href":"https:\/\/archive.sana.sy\/tr\/index.php?rest_route=\/wp\/v2\/types\/post"}],"author":[{"embeddable":true,"href":"https:\/\/archive.sana.sy\/tr\/index.php?rest_route=\/wp\/v2\/users\/1"}],"replies":[{"embeddable":true,"href":"https:\/\/archive.sana.sy\/tr\/index.php?rest_route=%2Fwp%2Fv2%2Fcomments&post=60287"}],"version-history":[{"count":0,"href":"https:\/\/archive.sana.sy\/tr\/index.php?rest_route=\/wp\/v2\/posts\/60287\/revisions"}],"wp:attachment":[{"href":"https:\/\/archive.sana.sy\/tr\/index.php?rest_route=%2Fwp%2Fv2%2Fmedia&parent=60287"}],"wp:term":[{"taxonomy":"category","embeddable":true,"href":"https:\/\/archive.sana.sy\/tr\/index.php?rest_route=%2Fwp%2Fv2%2Fcategories&post=60287"},{"taxonomy":"post_tag","embeddable":true,"href":"https:\/\/archive.sana.sy\/tr\/index.php?rest_route=%2Fwp%2Fv2%2Ftags&post=60287"}],"curies":[{"name":"wp","href":"https:\/\/api.w.org\/{rel}","templated":true}]}}