{"id":60304,"date":"2016-02-04T11:00:23","date_gmt":"2016-02-04T09:00:23","guid":{"rendered":"http:\/\/www.sana.sy\/tr\/?p=60304"},"modified":"2016-02-04T16:30:04","modified_gmt":"2016-02-04T14:30:04","slug":"yurtici-muhalefet-olumlu-rol-oynamaya-hazir","status":"publish","type":"post","link":"https:\/\/archive.sana.sy\/tr\/?p=60304","title":{"rendered":"Yurti\u00e7i Muhalefet Olumlu Rol Oynamaya Haz\u0131r"},"content":{"rendered":"<p>MOSKOVA \u2013 Rusya D\u0131\u015fi\u015fleri Bakanl\u0131\u011f\u0131 Suriye&#8217;de yurti\u00e7i muhalif taraflar\u0131n, \u00fclkedeki krizin siyasi yollarla \u00e7\u00f6z\u00fclmesinde olumlu rol oynamaya haz\u0131r oldu\u011funu belirtti\u011fini ilan etti.<\/p>\n<p>Bakanl\u0131k bug\u00fcn yay\u0131nlad\u0131\u011f\u0131 beyanda; D\u0131\u015fi\u015fleri Bakan\u0131 Yard\u0131mc\u0131s\u0131 Gennady Gatilov\u2019un d\u00fcn Cenevre&#8217;de Suriye&#8217;de yurti\u00e7i muhalefet heyetiyle bir araya geldi\u011fini ve Suriyeli t\u00fcm muhalefet ak\u0131mlar\u0131n\u0131n siyasi g\u00f6r\u00fc\u015fmelerde kampsal\u0131 bir \u015fekilde temsil edilmeleri konusunda Rusya&#8217;n\u0131n ilkeli tutumlar\u0131n\u0131 belirtti\u011fini ifade etti.<\/p>\n<p>Beyanda yurti\u00e7i muhalefet heyetinin, Suriye&#8217;den ayr\u0131lmayan ve Suriye halk\u0131yla birlikte m\u00fccadele vererek Suriye&#8217;nin i\u00e7inde ger\u00e7ekleri herkesten daha fazla bilen muhaliflerin e\u015fit bir \u015fekilde g\u00f6r\u00fc\u015fmelere kat\u0131lmada me\u015fru haklar\u0131na tutunduklar\u0131n\u0131 belirttiklerine i\u015faret edildi.<\/p>\n","protected":false},"excerpt":{"rendered":"<p>MOSKOVA \u2013 Rusya D\u0131\u015fi\u015fleri Bakanl\u0131\u011f\u0131 Suriye&#8217;de yurti\u00e7i muhalif taraflar\u0131n, \u00fclkedeki krizin siyasi yollarla \u00e7\u00f6z\u00fclmesinde olumlu rol oynamaya haz\u0131r oldu\u011funu belirtti\u011fini ilan etti. Bakanl\u0131k bug\u00fcn yay\u0131nlad\u0131\u011f\u0131 beyanda; D\u0131\u015fi\u015fleri Bakan\u0131 Yard\u0131mc\u0131s\u0131 Gennady Gatilov\u2019un d\u00fcn Cenevre&#8217;de Suriye&#8217;de yurti\u00e7i muhalefet heyetiyle bir araya geldi\u011fini ve Suriyeli t\u00fcm muhalefet ak\u0131mlar\u0131n\u0131n siyasi g\u00f6r\u00fc\u015fmelerde kampsal\u0131 bir \u015fekilde temsil edilmeleri konusunda Rusya&#8217;n\u0131n ilkeli &hellip;<\/p>\n","protected":false},"author":1,"featured_media":56768,"comment_status":"closed","ping_status":"closed","sticky":false,"template":"","format":"standard","meta":{"footnotes":""},"categories":[458,459,17988],"tags":[],"class_list":["post-60304","post","type-post","status-publish","format-standard","has-post-thumbnail","","category-dunya1","category-haberler-arap-uluslararasi-politika","category-son-haberler"],"_links":{"self":[{"href":"https:\/\/archive.sana.sy\/tr\/index.php?rest_route=\/wp\/v2\/posts\/60304","targetHints":{"allow":["GET"]}}],"collection":[{"href":"https:\/\/archive.sana.sy\/tr\/index.php?rest_route=\/wp\/v2\/posts"}],"about":[{"href":"https:\/\/archive.sana.sy\/tr\/index.php?rest_route=\/wp\/v2\/types\/post"}],"author":[{"embeddable":true,"href":"https:\/\/archive.sana.sy\/tr\/index.php?rest_route=\/wp\/v2\/users\/1"}],"replies":[{"embeddable":true,"href":"https:\/\/archive.sana.sy\/tr\/index.php?rest_route=%2Fwp%2Fv2%2Fcomments&post=60304"}],"version-history":[{"count":0,"href":"https:\/\/archive.sana.sy\/tr\/index.php?rest_route=\/wp\/v2\/posts\/60304\/revisions"}],"wp:featuredmedia":[{"embeddable":true,"href":"https:\/\/archive.sana.sy\/tr\/index.php?rest_route=\/wp\/v2\/media\/56768"}],"wp:attachment":[{"href":"https:\/\/archive.sana.sy\/tr\/index.php?rest_route=%2Fwp%2Fv2%2Fmedia&parent=60304"}],"wp:term":[{"taxonomy":"category","embeddable":true,"href":"https:\/\/archive.sana.sy\/tr\/index.php?rest_route=%2Fwp%2Fv2%2Fcategories&post=60304"},{"taxonomy":"post_tag","embeddable":true,"href":"https:\/\/archive.sana.sy\/tr\/index.php?rest_route=%2Fwp%2Fv2%2Ftags&post=60304"}],"curies":[{"name":"wp","href":"https:\/\/api.w.org\/{rel}","templated":true}]}}